{"id":5496,"date":"2020-03-05T23:02:09","date_gmt":"2020-03-05T22:02:09","guid":{"rendered":"https:\/\/letrat.eu\/?p=5496"},"modified":"2024-09-30T07:31:18","modified_gmt":"2024-09-30T06:31:18","slug":"pieter-angellis-tregu-covent-garden-londer-1726","status":"publish","type":"post","link":"https:\/\/letrat.eu\/?p=5496","title":{"rendered":"Pieter Angellis &#8211; Tregu Covent Garden, Lond\u00ebr, 1726"},"content":{"rendered":"<p>Pieter Angellis (1685-1734) &#8211; <strong>Tregu Covent Garden, Lond\u00ebr<\/strong>, 1726<\/p>\n<p><img loading=\"lazy\" decoding=\"async\" class=\"size-full wp-image-5497\" src=\"https:\/\/letrat.eu\/wp-content\/uploads\/2020\/03\/Pieter-Angellis-1685-1734-Covent-Garden-1726_web.jpg\" alt=\"\" width=\"1600\" height=\"1202\" srcset=\"https:\/\/letrat.eu\/wp-content\/uploads\/2020\/03\/Pieter-Angellis-1685-1734-Covent-Garden-1726_web.jpg 1600w, https:\/\/letrat.eu\/wp-content\/uploads\/2020\/03\/Pieter-Angellis-1685-1734-Covent-Garden-1726_web-300x225.jpg 300w, https:\/\/letrat.eu\/wp-content\/uploads\/2020\/03\/Pieter-Angellis-1685-1734-Covent-Garden-1726_web-768x577.jpg 768w, https:\/\/letrat.eu\/wp-content\/uploads\/2020\/03\/Pieter-Angellis-1685-1734-Covent-Garden-1726_web-1024x769.jpg 1024w\" sizes=\"auto, (max-width: 1600px) 100vw, 1600px\" \/><\/p>\n<p>&#8230;p\u00ebr m\u00eb shum\u00eb se 300 vjet &#8220;Covent Garden&#8221; \u00ebshte tregu kryesor p\u00ebr frutat, lulet dhe perimet e Londr\u00ebs, nd\u00ebrsa dihet q\u00eb Londra \u00ebsht\u00eb nj\u00eb metropol marramend\u00ebs prej 8-9 milion\u00eb banor\u00ebsh &#8211; sipas piktorit Pieter Angellis k\u00ebshtu dukej n\u00eb v. 1726, sipas fotove pas 3 shekujve pamja ka ndryshuar &#8220;pak\u00ebz&#8221; mir\u00ebpo ende \u00ebsht\u00eb ai i nj\u00ebjti treg, furnizuesi kryesor i metropolit &#8211; kuptohet, planet dhe vizioni p\u00ebr urbanistikat e reja nuk i shqiten Londr\u00ebs, se mos vet\u00ebm Londr\u00ebs, secili qytet i bot\u00ebs duhet t&#8217;jet\u00eb n\u00eb hap me koh\u00ebn, bie fjala edhe tregu i Tiran\u00ebs \u00ebsht\u00eb modernizuar, &#8220;Pazari i ri&#8221; daton q\u00eb nga vitet &#8217;40 (t\u00eb shek. XX) mir\u00ebpo para 4-5 vitesh qen\u00eb b\u00ebr\u00eb plane e investime, dhe tashm\u00eb modernizimi urban e ka p\u00ebrqafuar sheshin Avni Rustemi, me tregun e ri tashm\u00eb s&#8217;e fsheh krenarin\u00eb as vet\u00eb qendra e Kryeqytetit (dmth. qendra si &#8220;qend\u00ebr urbane&#8221;, pa politikat, pa mburrjen e politikan\u00ebve t\u00eb &#8220;Bashkis\u00eb&#8221;, a t\u00eb Tiran\u00ebs n\u00eb p\u00ebrgjith\u00ebsi : ) &#8211; nj\u00ebsoj pra, edhe e nes\u00ebrmja londoneze ka nevoj\u00eb p\u00ebr nj\u00eb treg q\u00eb &#8220;akordohet&#8221; me urbanistikat e s\u00eb ardhmes&#8230;<br \/>\n<em>(sguraziu &#8211; ap, shkurt 2020)<\/em><\/p>\n<p><img loading=\"lazy\" decoding=\"async\" class=\"alignnone size-full wp-image-5498\" src=\"https:\/\/letrat.eu\/wp-content\/uploads\/2020\/03\/Covent_Garden_London3.jpg\" alt=\"\" width=\"1600\" height=\"1202\" srcset=\"https:\/\/letrat.eu\/wp-content\/uploads\/2020\/03\/Covent_Garden_London3.jpg 1600w, https:\/\/letrat.eu\/wp-content\/uploads\/2020\/03\/Covent_Garden_London3-300x225.jpg 300w, https:\/\/letrat.eu\/wp-content\/uploads\/2020\/03\/Covent_Garden_London3-768x577.jpg 768w, https:\/\/letrat.eu\/wp-content\/uploads\/2020\/03\/Covent_Garden_London3-1024x769.jpg 1024w\" sizes=\"auto, (max-width: 1600px) 100vw, 1600px\" \/><\/p>\n<p><img loading=\"lazy\" decoding=\"async\" class=\"alignnone size-full wp-image-5499\" src=\"https:\/\/letrat.eu\/wp-content\/uploads\/2020\/03\/Covent_Garden_London1.jpg\" alt=\"\" width=\"1600\" height=\"1202\" srcset=\"https:\/\/letrat.eu\/wp-content\/uploads\/2020\/03\/Covent_Garden_London1.jpg 1600w, https:\/\/letrat.eu\/wp-content\/uploads\/2020\/03\/Covent_Garden_London1-300x225.jpg 300w, https:\/\/letrat.eu\/wp-content\/uploads\/2020\/03\/Covent_Garden_London1-768x577.jpg 768w, https:\/\/letrat.eu\/wp-content\/uploads\/2020\/03\/Covent_Garden_London1-1024x769.jpg 1024w\" sizes=\"auto, (max-width: 1600px) 100vw, 1600px\" \/><br \/>\n&nbsp;<br \/>\n&nbsp;<\/p>\n","protected":false},"excerpt":{"rendered":"<p>Pieter Angellis (1685-1734) &#8211; Tregu Covent Garden, Lond\u00ebr, 1726 &#8230;p\u00ebr m\u00eb shum\u00eb se 300 vjet &#8220;Covent Garden&#8221; \u00ebshte tregu kryesor p\u00ebr frutat, lulet dhe perimet e Londr\u00ebs, nd\u00ebrsa dihet q\u00eb Londra \u00ebsht\u00eb nj\u00eb metropol marramend\u00ebs prej 8-9 milion\u00eb banor\u00ebsh &#8211;&hellip; <a href=\"https:\/\/letrat.eu\/?p=5496\" class=\"more-link\">Lexo <span class=\"meta-nav\">&rarr;<\/span><\/a><\/p>\n","protected":false},"author":1,"featured_media":0,"comment_status":"closed","ping_status":"closed","sticky":false,"template":"","format":"standard","meta":{"footnotes":""},"categories":[13,15],"tags":[],"class_list":["post-5496","post","type-post","status-publish","format-standard","hentry","category-classic","category-shenime-shkurt"],"_links":{"self":[{"href":"https:\/\/letrat.eu\/index.php?rest_route=\/wp\/v2\/posts\/5496","targetHints":{"allow":["GET"]}}],"collection":[{"href":"https:\/\/letrat.eu\/index.php?rest_route=\/wp\/v2\/posts"}],"about":[{"href":"https:\/\/letrat.eu\/index.php?rest_route=\/wp\/v2\/types\/post"}],"author":[{"embeddable":true,"href":"https:\/\/letrat.eu\/index.php?rest_route=\/wp\/v2\/users\/1"}],"replies":[{"embeddable":true,"href":"https:\/\/letrat.eu\/index.php?rest_route=%2Fwp%2Fv2%2Fcomments&post=5496"}],"version-history":[{"count":0,"href":"https:\/\/letrat.eu\/index.php?rest_route=\/wp\/v2\/posts\/5496\/revisions"}],"wp:attachment":[{"href":"https:\/\/letrat.eu\/index.php?rest_route=%2Fwp%2Fv2%2Fmedia&parent=5496"}],"wp:term":[{"taxonomy":"category","embeddable":true,"href":"https:\/\/letrat.eu\/index.php?rest_route=%2Fwp%2Fv2%2Fcategories&post=5496"},{"taxonomy":"post_tag","embeddable":true,"href":"https:\/\/letrat.eu\/index.php?rest_route=%2Fwp%2Fv2%2Ftags&post=5496"}],"curies":[{"name":"wp","href":"https:\/\/api.w.org\/{rel}","templated":true}]}}