{"id":5556,"date":"2020-03-12T21:32:29","date_gmt":"2020-03-12T20:32:29","guid":{"rendered":"https:\/\/letrat.eu\/?p=5556"},"modified":"2024-04-10T19:09:43","modified_gmt":"2024-04-10T18:09:43","slug":"festivali-poetik-curtea-de-arges-rumani-15-21-korrik-2020","status":"publish","type":"post","link":"https:\/\/letrat.eu\/?p=5556","title":{"rendered":"Festivali Poetik &#8220;Curtea de Arges&#8230;&#8221;, Rumani, 15-21 Korrik 2020"},"content":{"rendered":"<p>[ <em>pa poezin\u00eb e pa muzik\u00ebn jeta s&#8217;do kishte dhe aq kuptim, do thoshte Ni\u00e7e-mustakologu&#8230;<\/em> ]<\/p>\n<p><strong>Festivali Poetik &#8220;Curtea de Arges&#8230;&#8221;, Rumani, 15-21 Korrik 2020<\/strong> &#8211; s&#8217;di si ata din\u00eb p\u00ebr mua, por me gjas\u00eb m\u00eb paskan ftuar (figuron qart\u00eb emri im) &#8211; po mendoja: ja nj\u00eb &#8220;justifikim&#8221; i p\u00ebrsosur p\u00ebr t&#8217;i shmangur agjendat tjera t\u00eb Korrikut dhe t&#8217;fluturoj n\u00eb Bukuresht, mund t&#8217;i shijoj disa nga bukurit\u00eb e Rumanis\u00eb p\u00ebr nj\u00eb jav\u00eb, m\u00eb ka r\u00ebn\u00eb t\u00eb lexoj mjaft p\u00ebr Rumanin\u00eb, mjaft i vet\u00ebdijsh\u00ebm p\u00ebr bukurit\u00eb&#8230; mir\u00ebpo s&#8217;kam qen\u00eb ndonj\u00ebher\u00eb, natyrisht ftesa s&#8217;\u00ebsht\u00eb p\u00ebr nj\u00eb vajtje-ardhje a la turistike, fjala \u00ebsht\u00eb p\u00ebr nj\u00eb event nd\u00ebrkulturor (fest-programi ishte aq i ngjeshur, e pash\u00eb dhe at\u00eb), dhe rishtas natyrisht, pa poezin\u00eb jeta s&#8217;do kishte dhe aq kuptim, &#8220;nj\u00ebsoj sikur as pa muzik\u00ebn&#8221; &#8211; do shtonte mustakologu Ni\u00e7e \ud83d\ude42<br \/>\ngjithsesi kam nja 2 jav\u00eb t\u00eb mendoj, sikur t&#8217;mos ishte aq larg n\u00eb koh\u00eb (Korrik), padyshim konfirmimi do kishte qen\u00eb m\u00eb i leht\u00eb, ve\u00e7 e thash\u00eb, shans i p\u00ebrkryer p\u00ebr ta vizituar Rumanin\u00eb, n\u00ebse t\u00eb shmangej ky shans s&#8217;do vlenin as &#8220;justifikimet&#8221; pastaj&#8230;<\/p>\n<p><a  href=\"https:\/\/letrat.eu\/wp-content\/uploads\/2020\/03\/Festivali-Poetik-Curtea-de-Arges-Rumani.jpg\" data-rel=\"lightbox-gallery-0\" data-rl_title=\"\" data-rl_caption=\"\" title=\"\"><img loading=\"lazy\" decoding=\"async\" class=\"alignnone size-full wp-image-5557\" src=\"https:\/\/letrat.eu\/wp-content\/uploads\/2020\/03\/Festivali-Poetik-Curtea-de-Arges-Rumani.jpg\" alt=\"\" width=\"828\" height=\"1098\" srcset=\"https:\/\/letrat.eu\/wp-content\/uploads\/2020\/03\/Festivali-Poetik-Curtea-de-Arges-Rumani.jpg 828w, https:\/\/letrat.eu\/wp-content\/uploads\/2020\/03\/Festivali-Poetik-Curtea-de-Arges-Rumani-226x300.jpg 226w, https:\/\/letrat.eu\/wp-content\/uploads\/2020\/03\/Festivali-Poetik-Curtea-de-Arges-Rumani-772x1024.jpg 772w, https:\/\/letrat.eu\/wp-content\/uploads\/2020\/03\/Festivali-Poetik-Curtea-de-Arges-Rumani-768x1018.jpg 768w\" sizes=\"auto, (max-width: 828px) 100vw, 828px\" \/><\/a><\/p>\n<p><strong>Poetry Festival &#8220;Curtea de Arges&#8230;&#8221;, Romania, July 15-21, 2020<\/strong> &#8211; no clue how they know about me, but it&#8217;s an invitation (my name&#8217;s clearly in it) &#8211; was thinking: here&#8217;s the perfect &#8220;excuse&#8221; to avoid other July agendas and fly to Bucharest, I could enjoy some of the beauties of Romania for a week, I have read a lot about Romania, really aware of the beauty&#8230; but never visited the country, of course the invitation isn&#8217;t about a round-trip, it&#8217;s about being part of an inter-cultural event (the fest-program was so abundant, I saw that too), and again of course without poetry life would not make much sense, &#8220;just the same as without music&#8221; &#8211; would have said Nietzsche, the famous mustache-man \ud83d\ude42<br \/>\nanyway I have some 2 weeks to think, if it wasn&#8217;t so far in time (July) confirming would have been easy, as I said, a perfect chance to visit Romania, avoiding this chance simply no &#8220;excuses&#8221; after that&#8230;<\/p>\n","protected":false},"excerpt":{"rendered":"<p>[ pa poezin\u00eb e pa muzik\u00ebn jeta s&#8217;do kishte dhe aq kuptim, do thoshte Ni\u00e7e-mustakologu&#8230; ] Festivali Poetik &#8220;Curtea de Arges&#8230;&#8221;, Rumani, 15-21 Korrik 2020 &#8211; s&#8217;di si ata din\u00eb p\u00ebr mua, por me gjas\u00eb m\u00eb paskan ftuar (figuron qart\u00eb&hellip; <a href=\"https:\/\/letrat.eu\/?p=5556\" class=\"more-link\">Lexo <span class=\"meta-nav\">&rarr;<\/span><\/a><\/p>\n","protected":false},"author":1,"featured_media":0,"comment_status":"closed","ping_status":"closed","sticky":false,"template":"","format":"standard","meta":{"footnotes":""},"categories":[15],"tags":[],"class_list":["post-5556","post","type-post","status-publish","format-standard","hentry","category-shenime-shkurt"],"_links":{"self":[{"href":"https:\/\/letrat.eu\/index.php?rest_route=\/wp\/v2\/posts\/5556","targetHints":{"allow":["GET"]}}],"collection":[{"href":"https:\/\/letrat.eu\/index.php?rest_route=\/wp\/v2\/posts"}],"about":[{"href":"https:\/\/letrat.eu\/index.php?rest_route=\/wp\/v2\/types\/post"}],"author":[{"embeddable":true,"href":"https:\/\/letrat.eu\/index.php?rest_route=\/wp\/v2\/users\/1"}],"replies":[{"embeddable":true,"href":"https:\/\/letrat.eu\/index.php?rest_route=%2Fwp%2Fv2%2Fcomments&post=5556"}],"version-history":[{"count":0,"href":"https:\/\/letrat.eu\/index.php?rest_route=\/wp\/v2\/posts\/5556\/revisions"}],"wp:attachment":[{"href":"https:\/\/letrat.eu\/index.php?rest_route=%2Fwp%2Fv2%2Fmedia&parent=5556"}],"wp:term":[{"taxonomy":"category","embeddable":true,"href":"https:\/\/letrat.eu\/index.php?rest_route=%2Fwp%2Fv2%2Fcategories&post=5556"},{"taxonomy":"post_tag","embeddable":true,"href":"https:\/\/letrat.eu\/index.php?rest_route=%2Fwp%2Fv2%2Ftags&post=5556"}],"curies":[{"name":"wp","href":"https:\/\/api.w.org\/{rel}","templated":true}]}}