{"id":5559,"date":"2020-03-19T13:38:03","date_gmt":"2020-03-19T12:38:03","guid":{"rendered":"https:\/\/letrat.eu\/?p=5559"},"modified":"2024-04-10T19:04:50","modified_gmt":"2024-04-10T18:04:50","slug":"wunderkind-saul-kripke-terence-tao","status":"publish","type":"post","link":"https:\/\/letrat.eu\/?p=5559","title":{"rendered":"&#8220;Wunderkind&#8221; &#8211; Saul Kripke, Terence Tao"},"content":{"rendered":"<p>&#8220;<strong>n\u00ebna m\u00eb ka th\u00ebn\u00eb se nj\u00ebher\u00eb duhet ta mbaroj shkoll\u00ebn (filloren) dhe t\u00eb vazhdoj t\u00eb mesmen<\/strong>&#8230;&#8221; &#8211; Saul Kripke, si p\u00ebrgjigje n\u00eb ftes\u00ebn t\u00eb aplikonte p\u00ebr pozicionin e &#8220;profesorit&#8221; n\u00eb Harvard \ud83d\ude42<br \/>\n[ fotot ngjitur: <strong>Saul Kripke<\/strong>, filozof amerikan &#8211; dhe <strong>Terence Tao<\/strong>, matematikan australian-amerikan ]<\/p>\n<p>***<br \/>\n&#8230;p\u00ebr matematikanin Terence Tao dija relativisht mjaftuesh\u00ebm, e dija \u00e7&#8217;\u00ebsht\u00eb &#8220;wunderkind&#8221;, e dija se psh. Mozarti pati fillluar 4-5 vje\u00e7 madje t\u00eb kompozonte, e dija se dhe Tao ishte di\u00e7 ashtu n\u00eb fush\u00ebn e vet, por meq\u00eb &#8220;matematikan&#8221; sikur mjaftohesha me aq, gj\u00ebrat konkrete si info rreth karrier\u00ebs s\u00eb tij m\u00eb dukeshin irelevante, mjaftohesha me faktin e gjenialitetit &#8211; rast\u00ebsia m\u00eb hodhi sonte tek &#8220;curriculum-i&#8221; i tij, kur njeriu sheh n\u00eb detaje se \u00e7&#8217;ka kontribuar ai n\u00eb l\u00ebmin e matematik\u00ebs, sa \u00e7mime e mir\u00ebnjohje i ka fituar, 21 vje\u00e7 doktor-filozof (PhD), 24 vje\u00e7 Profesor, gjith\u00eb UCLA e Kalifornia, Amerika e Australia, dhe mbar\u00eb bota e shkenc\u00ebs krenohet me t\u00eb etj etj. ku di&#8230; padyshim s&#8217;duhet th\u00ebn\u00eb gj\u00eb, s&#8217;duhet shkruar kurr\u00eb gj\u00eb, duhet heshtur p\u00ebrgjithmon\u00eb, e vetmja gj\u00eb q\u00eb mund t&#8217;jet\u00eb sadopak &#8220;ngush\u00ebllim&#8221; \u00ebsht\u00eb fakti q\u00eb aty-k\u00ebtu shkruaj dhe vjersha, skica poetike, poezi e k\u00ebso, nganj\u00ebher\u00eb njeriu mund t&#8217;pretendoj\u00eb t\u00ebr\u00eb jet\u00ebn se na qenka &#8220;poet&#8221;, nga ana tjet\u00ebr ka dhe t\u00eb till\u00eb q\u00eb heshtin gjith\u00eb jet\u00ebn, s&#8217;di kush se ekzistonin (vall\u00eb ai portugezi Pessoa a nuk e pati l\u00ebn\u00eb nj\u00eb s\u00ebnduk me letrash, me pluhur e merimangash), p\u00ebr poet\u00ebt shpesh ndodh\u00eb q\u00eb tek pasi t&#8217;ken\u00eb vdekur t\u00eb konfirmohet me siguri n\u00ebse ia vlen di\u00e7 apo jo, tekefundit p\u00ebr poetin Pessoa bota mori vesh tek kur pati ikur &#8211; dmth. me sigurin\u00eb e plot\u00eb dihet vet\u00ebm &#8220;post mortem&#8221;, fati q\u00eb mir\u00ebnjohja p\u00ebr poet\u00ebt vlen dhe pas vdekjes, &#8220;ndahet&#8221; dhe kur t&#8217;ken\u00eb ikur n\u00eb bot\u00ebn tjet\u00ebr, \u00ebsht\u00eb fare ndryshe psh. me Nobelin s\u00eb k\u00ebndejmes : )<br \/>\n<em>(sg &#8211; ap, mars 2020)<\/em><\/p>\n<p><a href=\"https:\/\/en.wikipedia.org\/wiki\/Terence_Tao\" target=\"_blank\" rel=\"noopener noreferrer\">https:\/\/en.wikipedia.org\/wiki\/Terence_Tao<\/a><\/p>\n<p><a  href=\"https:\/\/letrat.eu\/wp-content\/uploads\/2020\/03\/saul_kripke_terence_tao.jpg\" data-rel=\"lightbox-gallery-0\" data-rl_title=\"\" data-rl_caption=\"\" title=\"\"><img loading=\"lazy\" decoding=\"async\" class=\"alignnone size-full wp-image-5560\" src=\"https:\/\/letrat.eu\/wp-content\/uploads\/2020\/03\/saul_kripke_terence_tao.jpg\" alt=\"\" width=\"1600\" height=\"1073\" srcset=\"https:\/\/letrat.eu\/wp-content\/uploads\/2020\/03\/saul_kripke_terence_tao.jpg 1600w, https:\/\/letrat.eu\/wp-content\/uploads\/2020\/03\/saul_kripke_terence_tao-300x201.jpg 300w, https:\/\/letrat.eu\/wp-content\/uploads\/2020\/03\/saul_kripke_terence_tao-1024x687.jpg 1024w, https:\/\/letrat.eu\/wp-content\/uploads\/2020\/03\/saul_kripke_terence_tao-768x515.jpg 768w, https:\/\/letrat.eu\/wp-content\/uploads\/2020\/03\/saul_kripke_terence_tao-1536x1030.jpg 1536w\" sizes=\"auto, (max-width: 1600px) 100vw, 1600px\" \/><\/a><\/p>\n","protected":false},"excerpt":{"rendered":"<p>&#8220;n\u00ebna m\u00eb ka th\u00ebn\u00eb se nj\u00ebher\u00eb duhet ta mbaroj shkoll\u00ebn (filloren) dhe t\u00eb vazhdoj t\u00eb mesmen&#8230;&#8221; &#8211; Saul Kripke, si p\u00ebrgjigje n\u00eb ftes\u00ebn t\u00eb aplikonte p\u00ebr pozicionin e &#8220;profesorit&#8221; n\u00eb Harvard \ud83d\ude42 [ fotot ngjitur: Saul Kripke, filozof amerikan &#8211;&hellip; <a href=\"https:\/\/letrat.eu\/?p=5559\" class=\"more-link\">Lexo <span class=\"meta-nav\">&rarr;<\/span><\/a><\/p>\n","protected":false},"author":1,"featured_media":0,"comment_status":"closed","ping_status":"closed","sticky":false,"template":"","format":"standard","meta":{"footnotes":""},"categories":[15],"tags":[],"class_list":["post-5559","post","type-post","status-publish","format-standard","hentry","category-shenime-shkurt"],"_links":{"self":[{"href":"https:\/\/letrat.eu\/index.php?rest_route=\/wp\/v2\/posts\/5559","targetHints":{"allow":["GET"]}}],"collection":[{"href":"https:\/\/letrat.eu\/index.php?rest_route=\/wp\/v2\/posts"}],"about":[{"href":"https:\/\/letrat.eu\/index.php?rest_route=\/wp\/v2\/types\/post"}],"author":[{"embeddable":true,"href":"https:\/\/letrat.eu\/index.php?rest_route=\/wp\/v2\/users\/1"}],"replies":[{"embeddable":true,"href":"https:\/\/letrat.eu\/index.php?rest_route=%2Fwp%2Fv2%2Fcomments&post=5559"}],"version-history":[{"count":0,"href":"https:\/\/letrat.eu\/index.php?rest_route=\/wp\/v2\/posts\/5559\/revisions"}],"wp:attachment":[{"href":"https:\/\/letrat.eu\/index.php?rest_route=%2Fwp%2Fv2%2Fmedia&parent=5559"}],"wp:term":[{"taxonomy":"category","embeddable":true,"href":"https:\/\/letrat.eu\/index.php?rest_route=%2Fwp%2Fv2%2Fcategories&post=5559"},{"taxonomy":"post_tag","embeddable":true,"href":"https:\/\/letrat.eu\/index.php?rest_route=%2Fwp%2Fv2%2Ftags&post=5559"}],"curies":[{"name":"wp","href":"https:\/\/api.w.org\/{rel}","templated":true}]}}