{"id":5570,"date":"2020-03-19T14:07:30","date_gmt":"2020-03-19T13:07:30","guid":{"rendered":"https:\/\/letrat.eu\/?p=5570"},"modified":"2024-04-10T18:46:53","modified_gmt":"2024-04-10T17:46:53","slug":"punkerizimi-i-japo-modes-noir-kei-ninomiya-p-v-2020","status":"publish","type":"post","link":"https:\/\/letrat.eu\/?p=5570","title":{"rendered":"Punkerizimi i japo-mod\u00ebs, &#8220;Noir Kei Ninomiya&#8221; &#8211; P \/ V 2020"},"content":{"rendered":"<p>Punkerizimi i japo-mod\u00ebs, &#8220;Noir Kei Ninomiya&#8221; &#8211; Pranver\u00eb \/ Ver\u00eb 2020<\/p>\n<p>[ <em>Dizajner: <strong>Kei Ninomiya<\/strong>, &#8220;Comme des Gar\u00e7ons&#8221; (grup japonez i mod\u00ebs) &#8211; fotot nga Edward Kanarecki &#8211; foto e Kei Ninomiya: Matthew Reeves<\/em> ]<\/p>\n<p>&#8230;sa p\u00ebr punk-fustanellat no comment, e qart\u00eb q\u00eb mjaft &#8220;ndryshe&#8221; &#8211; mua n\u00eb fakt gjithmon\u00eb m\u00eb intrigon vet\u00ebm arti, zhvendosja e &#8220;kufijve&#8221; pararend\u00ebs, jo fustanet si objekte t\u00eb mod\u00ebs patjet\u00ebr, por si objekte artistike<br \/>\n<em>(sg &#8211; ap, mars 2020)<\/em><\/p>\n<p><a  href=\"https:\/\/letrat.eu\/wp-content\/uploads\/2020\/03\/Punkerizimi-i-japo-mod\u00ebs.jpg\" data-rel=\"lightbox-gallery-0\" data-rl_title=\"\" data-rl_caption=\"\" title=\"\"><img loading=\"lazy\" decoding=\"async\" class=\"alignnone size-full wp-image-5571\" src=\"https:\/\/letrat.eu\/wp-content\/uploads\/2020\/03\/Punkerizimi-i-japo-mod\u00ebs.jpg\" alt=\"\" width=\"1409\" height=\"1612\" srcset=\"https:\/\/letrat.eu\/wp-content\/uploads\/2020\/03\/Punkerizimi-i-japo-mod\u00ebs.jpg 1409w, https:\/\/letrat.eu\/wp-content\/uploads\/2020\/03\/Punkerizimi-i-japo-mod\u00ebs-262x300.jpg 262w, https:\/\/letrat.eu\/wp-content\/uploads\/2020\/03\/Punkerizimi-i-japo-mod\u00ebs-895x1024.jpg 895w, https:\/\/letrat.eu\/wp-content\/uploads\/2020\/03\/Punkerizimi-i-japo-mod\u00ebs-768x879.jpg 768w, https:\/\/letrat.eu\/wp-content\/uploads\/2020\/03\/Punkerizimi-i-japo-mod\u00ebs-1343x1536.jpg 1343w\" sizes=\"auto, (max-width: 1409px) 100vw, 1409px\" \/><\/a><\/p>\n","protected":false},"excerpt":{"rendered":"<p>Punkerizimi i japo-mod\u00ebs, &#8220;Noir Kei Ninomiya&#8221; &#8211; Pranver\u00eb \/ Ver\u00eb 2020 [ Dizajner: Kei Ninomiya, &#8220;Comme des Gar\u00e7ons&#8221; (grup japonez i mod\u00ebs) &#8211; fotot nga Edward Kanarecki &#8211; foto e Kei Ninomiya: Matthew Reeves ] &#8230;sa p\u00ebr punk-fustanellat no comment,&hellip; <a href=\"https:\/\/letrat.eu\/?p=5570\" class=\"more-link\">Lexo <span class=\"meta-nav\">&rarr;<\/span><\/a><\/p>\n","protected":false},"author":1,"featured_media":0,"comment_status":"closed","ping_status":"closed","sticky":false,"template":"","format":"standard","meta":{"footnotes":""},"categories":[16,15],"tags":[],"class_list":["post-5570","post","type-post","status-publish","format-standard","hentry","category-multimedia","category-shenime-shkurt"],"_links":{"self":[{"href":"https:\/\/letrat.eu\/index.php?rest_route=\/wp\/v2\/posts\/5570","targetHints":{"allow":["GET"]}}],"collection":[{"href":"https:\/\/letrat.eu\/index.php?rest_route=\/wp\/v2\/posts"}],"about":[{"href":"https:\/\/letrat.eu\/index.php?rest_route=\/wp\/v2\/types\/post"}],"author":[{"embeddable":true,"href":"https:\/\/letrat.eu\/index.php?rest_route=\/wp\/v2\/users\/1"}],"replies":[{"embeddable":true,"href":"https:\/\/letrat.eu\/index.php?rest_route=%2Fwp%2Fv2%2Fcomments&post=5570"}],"version-history":[{"count":0,"href":"https:\/\/letrat.eu\/index.php?rest_route=\/wp\/v2\/posts\/5570\/revisions"}],"wp:attachment":[{"href":"https:\/\/letrat.eu\/index.php?rest_route=%2Fwp%2Fv2%2Fmedia&parent=5570"}],"wp:term":[{"taxonomy":"category","embeddable":true,"href":"https:\/\/letrat.eu\/index.php?rest_route=%2Fwp%2Fv2%2Fcategories&post=5570"},{"taxonomy":"post_tag","embeddable":true,"href":"https:\/\/letrat.eu\/index.php?rest_route=%2Fwp%2Fv2%2Ftags&post=5570"}],"curies":[{"name":"wp","href":"https:\/\/api.w.org\/{rel}","templated":true}]}}