{"id":5636,"date":"2020-03-19T18:08:40","date_gmt":"2020-03-19T17:08:40","guid":{"rendered":"https:\/\/letrat.eu\/?p=5636"},"modified":"2024-04-10T18:25:34","modified_gmt":"2024-04-10T17:25:34","slug":"thomas-roussel-muzika-per-defileun-e-modes-loreal-paris-java-x-2019","status":"publish","type":"post","link":"https:\/\/letrat.eu\/?p=5636","title":{"rendered":"Thomas Roussel &#8211; Muzika p\u00ebr Defileun e Mod\u00ebs L&#8217;Oreal-Paris (Java X), 2019"},"content":{"rendered":"<p>Thomas Roussel &#8211; Muzika p\u00ebr <strong>Defileun e Mod\u00ebs L&#8217;Oreal-Paris (Java X), 2019<\/strong><\/p>\n<div style=\"width: 640px;\" class=\"wp-video\"><video class=\"wp-video-shortcode\" id=\"video-5636-1\" width=\"640\" height=\"360\" preload=\"metadata\" controls=\"controls\"><source type=\"video\/mp4\" src=\"https:\/\/letrat.eu\/wp-content\/uploads\/2020\/03\/Thomas-Roussel-Muzika-p\u00ebr-Defileun-e-Mod\u00ebs-LOreal-Paris-Java-X-2019.mp4?_=1\" \/><a href=\"https:\/\/letrat.eu\/wp-content\/uploads\/2020\/03\/Thomas-Roussel-Muzika-p\u00ebr-Defileun-e-Mod\u00ebs-LOreal-Paris-Java-X-2019.mp4\">https:\/\/letrat.eu\/wp-content\/uploads\/2020\/03\/Thomas-Roussel-Muzika-p\u00ebr-Defileun-e-Mod\u00ebs-LOreal-Paris-Java-X-2019.mp4<\/a><\/video><\/div>\n<p>&nbsp;<\/p>\n<p><em>(pak fjal\u00eb)<\/em><br \/>\n&#8230;sa p\u00ebr mod\u00ebn Franca ka panum\u00ebr bukuroshesh e top-modelesh, dihet kjo&#8230; por vula e krenaris\u00eb s\u00eb L&#8217;Oreal-Paris siduket \u00ebsht\u00eb vet\u00eb bukuria holandeze (pa <strong>Doutzen Kroes<\/strong> L&#8217;Oreal sikur s&#8217;ka fort qejf t&#8217;i mbaj\u00eb paradat, Kroes do ta &#8220;hapte&#8221; defileun me fustanin e kuq, do defilonte pastaj n\u00eb fund dhe me 1 fustan tjet\u00ebr me lulesh &#8220;franceze&#8221;), k\u00ebshtu q\u00eb s&#8217;\u00ebsht\u00eb sekret, jo vet\u00ebm Parisi por e gjith\u00eb Franca krenohet me bukurin\u00eb e Lulandis\u00eb : )<br \/>\ngjithashtu mjaft simpatik akti i Eva Longoria, duke u shtirur p\u00ebr pak \u00e7aste gjoja si &#8220;dirigjente&#8221; e pop-orkestr\u00ebs simfonike&#8230;<\/p>\n<p>&#8230;sa p\u00ebr muzik\u00ebn, e shk\u00ebputa 1 min. (nga 20 minutat e performanc\u00ebs &#8220;live&#8221;) &#8211; kaq, pra muzika si shkas, fal\u00eb muzik\u00ebs pop-orkestrale dhe besoj i p\u00ebrmenda t\u00eb gjitha q\u00eb ia vlen rreth defileut n\u00eb fjal\u00eb; fola p\u00ebr muzik\u00ebn, p\u00ebr orkestr\u00ebn, p\u00ebr bukurin\u00eb lulandeze, p\u00ebr 2 fustanet franceze, p\u00ebr krenarin\u00eb parisiene etj : )<br \/>\n(sguraziu &#8211; ap, shkurt 2020)<\/p>\n<p><a  href=\"https:\/\/letrat.eu\/wp-content\/uploads\/2020\/03\/Thomas-Roussel-Muzika-p\u00ebr-Defileun-e-Mod\u00ebs-LOreal-Paris-Java-X-2019.jpg\" data-rel=\"lightbox-gallery-0\" data-rl_title=\"\" data-rl_caption=\"\" title=\"\"><img loading=\"lazy\" decoding=\"async\" class=\"size-full wp-image-5637\" src=\"https:\/\/letrat.eu\/wp-content\/uploads\/2020\/03\/Thomas-Roussel-Muzika-p\u00ebr-Defileun-e-Mod\u00ebs-LOreal-Paris-Java-X-2019.jpg\" alt=\"\" width=\"1908\" height=\"1146\" srcset=\"https:\/\/letrat.eu\/wp-content\/uploads\/2020\/03\/Thomas-Roussel-Muzika-p\u00ebr-Defileun-e-Mod\u00ebs-LOreal-Paris-Java-X-2019.jpg 1908w, https:\/\/letrat.eu\/wp-content\/uploads\/2020\/03\/Thomas-Roussel-Muzika-p\u00ebr-Defileun-e-Mod\u00ebs-LOreal-Paris-Java-X-2019-300x180.jpg 300w, https:\/\/letrat.eu\/wp-content\/uploads\/2020\/03\/Thomas-Roussel-Muzika-p\u00ebr-Defileun-e-Mod\u00ebs-LOreal-Paris-Java-X-2019-1024x615.jpg 1024w, https:\/\/letrat.eu\/wp-content\/uploads\/2020\/03\/Thomas-Roussel-Muzika-p\u00ebr-Defileun-e-Mod\u00ebs-LOreal-Paris-Java-X-2019-768x461.jpg 768w, https:\/\/letrat.eu\/wp-content\/uploads\/2020\/03\/Thomas-Roussel-Muzika-p\u00ebr-Defileun-e-Mod\u00ebs-LOreal-Paris-Java-X-2019-1536x923.jpg 1536w\" sizes=\"auto, (max-width: 1908px) 100vw, 1908px\" \/><\/a><\/p>\n","protected":false},"excerpt":{"rendered":"<p>Thomas Roussel &#8211; Muzika p\u00ebr Defileun e Mod\u00ebs L&#8217;Oreal-Paris (Java X), 2019 &nbsp; (pak fjal\u00eb) &#8230;sa p\u00ebr mod\u00ebn Franca ka panum\u00ebr bukuroshesh e top-modelesh, dihet kjo&#8230; por vula e krenaris\u00eb s\u00eb L&#8217;Oreal-Paris siduket \u00ebsht\u00eb vet\u00eb bukuria holandeze (pa Doutzen Kroes&hellip; <a href=\"https:\/\/letrat.eu\/?p=5636\" class=\"more-link\">Lexo <span class=\"meta-nav\">&rarr;<\/span><\/a><\/p>\n","protected":false},"author":1,"featured_media":0,"comment_status":"closed","ping_status":"closed","sticky":false,"template":"","format":"standard","meta":{"footnotes":""},"categories":[16,15],"tags":[],"class_list":["post-5636","post","type-post","status-publish","format-standard","hentry","category-multimedia","category-shenime-shkurt"],"_links":{"self":[{"href":"https:\/\/letrat.eu\/index.php?rest_route=\/wp\/v2\/posts\/5636","targetHints":{"allow":["GET"]}}],"collection":[{"href":"https:\/\/letrat.eu\/index.php?rest_route=\/wp\/v2\/posts"}],"about":[{"href":"https:\/\/letrat.eu\/index.php?rest_route=\/wp\/v2\/types\/post"}],"author":[{"embeddable":true,"href":"https:\/\/letrat.eu\/index.php?rest_route=\/wp\/v2\/users\/1"}],"replies":[{"embeddable":true,"href":"https:\/\/letrat.eu\/index.php?rest_route=%2Fwp%2Fv2%2Fcomments&post=5636"}],"version-history":[{"count":0,"href":"https:\/\/letrat.eu\/index.php?rest_route=\/wp\/v2\/posts\/5636\/revisions"}],"wp:attachment":[{"href":"https:\/\/letrat.eu\/index.php?rest_route=%2Fwp%2Fv2%2Fmedia&parent=5636"}],"wp:term":[{"taxonomy":"category","embeddable":true,"href":"https:\/\/letrat.eu\/index.php?rest_route=%2Fwp%2Fv2%2Fcategories&post=5636"},{"taxonomy":"post_tag","embeddable":true,"href":"https:\/\/letrat.eu\/index.php?rest_route=%2Fwp%2Fv2%2Ftags&post=5636"}],"curies":[{"name":"wp","href":"https:\/\/api.w.org\/{rel}","templated":true}]}}