{"id":5667,"date":"2020-03-20T20:00:31","date_gmt":"2020-03-20T19:00:31","guid":{"rendered":"https:\/\/letrat.eu\/?p=5667"},"modified":"2024-04-10T16:42:49","modified_gmt":"2024-04-10T15:42:49","slug":"kosova-100-dite-pa-qeveri-pak-ngushellim","status":"publish","type":"post","link":"https:\/\/letrat.eu\/?p=5667","title":{"rendered":"Kosova 100 dit\u00eb pa qeveri &#8211; pak &#8220;ngush\u00ebllim&#8221;!"},"content":{"rendered":"<p><em>(sg &#8211; ap, janar 2020)<\/em><\/p>\n<p>&#8230;gazetat, gazetar\u00ebt (ndoshta dhe pseudo-gazetar\u00ebt : ) thon\u00eb se as 100 dit\u00eb pas zgjedhjeve kosovar\u00ebt s&#8217;ia dilkan ta &#8220;ujdisin&#8221; qeverin\u00eb &#8211; hm, keq n\u00ebse zvarriten mosmarr\u00ebveshjet me muaj e muaj, mir\u00ebpo ja q\u00eb 100 dit\u00eb s&#8217;\u00ebsht\u00eb ndonj\u00eb rekord&#8230; n\u00eb v. 2010-11 Belgjik\u00ebs i qen\u00eb nevojitur gjithsej 541 dit\u00eb &#8220;negociata&#8221;, dhe n\u00ebse kihet parasysh q\u00eb Brukseli na shtirej gjoja si &#8220;kryeqytet&#8221; i Evropes, i shitej bot\u00ebs gjoja si &#8220;kryeqytet-model&#8221; per EU-politikat e avancuara, nga ana tjet\u00ebr ia pat\u00ebn kaluar dhe partive kamboxhiane p\u00ebr &#8220;prapangelje e mosmarr\u00ebveshje&#8221; &#8211; m\u00eb n\u00eb fund nj\u00eb koalicion qeveritar qe em\u00ebruar pas gjithsej 541 dit\u00ebsh negociata dhe pas 589 dit\u00ebve shteterore duke funksionuar pa qeverin\u00eb &#8211; un\u00eb madje pata b\u00ebr\u00eb shaka duke th\u00ebn\u00eb n\u00ebse &#8220;belg\u00ebt&#8221; funksionuakan dhe pa qeverisje, at\u00ebher\u00eb padyshim as EU s&#8217;duhet shpenzuar kot p\u00ebr gjith\u00eb ato rrogash byrokratike, psh. disa parti holandeze nuk e p\u00ebrdorin &#8220;EU&#8221; por shprehen &#8220;byrokrat\u00ebt e Brukselit&#8221; (sidomos kur debatet nxehen n\u00eb kuvend : )<\/p>\n<p><a  href=\"https:\/\/letrat.eu\/wp-content\/uploads\/2020\/03\/Kosova-100-dit\u00eb-pa-qeveri-pak-ngush\u00ebllim.jpg\" data-rel=\"lightbox-gallery-0\" data-rl_title=\"\" data-rl_caption=\"\" title=\"\"><img loading=\"lazy\" decoding=\"async\" class=\"alignnone size-full wp-image-5668\" src=\"https:\/\/letrat.eu\/wp-content\/uploads\/2020\/03\/Kosova-100-dit\u00eb-pa-qeveri-pak-ngush\u00ebllim.jpg\" alt=\"\" width=\"1400\" height=\"998\" srcset=\"https:\/\/letrat.eu\/wp-content\/uploads\/2020\/03\/Kosova-100-dit\u00eb-pa-qeveri-pak-ngush\u00ebllim.jpg 1400w, https:\/\/letrat.eu\/wp-content\/uploads\/2020\/03\/Kosova-100-dit\u00eb-pa-qeveri-pak-ngush\u00ebllim-300x214.jpg 300w, https:\/\/letrat.eu\/wp-content\/uploads\/2020\/03\/Kosova-100-dit\u00eb-pa-qeveri-pak-ngush\u00ebllim-1024x730.jpg 1024w, https:\/\/letrat.eu\/wp-content\/uploads\/2020\/03\/Kosova-100-dit\u00eb-pa-qeveri-pak-ngush\u00ebllim-768x547.jpg 768w\" sizes=\"auto, (max-width: 1400px) 100vw, 1400px\" \/><\/a><\/p>\n","protected":false},"excerpt":{"rendered":"<p>(sg &#8211; ap, janar 2020) &#8230;gazetat, gazetar\u00ebt (ndoshta dhe pseudo-gazetar\u00ebt : ) thon\u00eb se as 100 dit\u00eb pas zgjedhjeve kosovar\u00ebt s&#8217;ia dilkan ta &#8220;ujdisin&#8221; qeverin\u00eb &#8211; hm, keq n\u00ebse zvarriten mosmarr\u00ebveshjet me muaj e muaj, mir\u00ebpo ja q\u00eb 100 dit\u00eb&hellip; <a href=\"https:\/\/letrat.eu\/?p=5667\" class=\"more-link\">Lexo <span class=\"meta-nav\">&rarr;<\/span><\/a><\/p>\n","protected":false},"author":1,"featured_media":0,"comment_status":"closed","ping_status":"closed","sticky":false,"template":"","format":"standard","meta":{"footnotes":""},"categories":[15],"tags":[],"class_list":["post-5667","post","type-post","status-publish","format-standard","hentry","category-shenime-shkurt"],"_links":{"self":[{"href":"https:\/\/letrat.eu\/index.php?rest_route=\/wp\/v2\/posts\/5667","targetHints":{"allow":["GET"]}}],"collection":[{"href":"https:\/\/letrat.eu\/index.php?rest_route=\/wp\/v2\/posts"}],"about":[{"href":"https:\/\/letrat.eu\/index.php?rest_route=\/wp\/v2\/types\/post"}],"author":[{"embeddable":true,"href":"https:\/\/letrat.eu\/index.php?rest_route=\/wp\/v2\/users\/1"}],"replies":[{"embeddable":true,"href":"https:\/\/letrat.eu\/index.php?rest_route=%2Fwp%2Fv2%2Fcomments&post=5667"}],"version-history":[{"count":0,"href":"https:\/\/letrat.eu\/index.php?rest_route=\/wp\/v2\/posts\/5667\/revisions"}],"wp:attachment":[{"href":"https:\/\/letrat.eu\/index.php?rest_route=%2Fwp%2Fv2%2Fmedia&parent=5667"}],"wp:term":[{"taxonomy":"category","embeddable":true,"href":"https:\/\/letrat.eu\/index.php?rest_route=%2Fwp%2Fv2%2Fcategories&post=5667"},{"taxonomy":"post_tag","embeddable":true,"href":"https:\/\/letrat.eu\/index.php?rest_route=%2Fwp%2Fv2%2Ftags&post=5667"}],"curies":[{"name":"wp","href":"https:\/\/api.w.org\/{rel}","templated":true}]}}