{"id":5674,"date":"2020-03-20T21:18:25","date_gmt":"2020-03-20T20:18:25","guid":{"rendered":"https:\/\/letrat.eu\/?p=5674"},"modified":"2024-04-10T16:41:06","modified_gmt":"2024-04-10T15:41:06","slug":"andreas-gursky-bursa-e-hong-kongut-ii-1995","status":"publish","type":"post","link":"https:\/\/letrat.eu\/?p=5674","title":{"rendered":"Andreas Gursky &#8211; Bursa e Hong Kongut II, 1995"},"content":{"rendered":"<p><em>(sguraziu &#8211; ars poetica, j 2020)<\/em><\/p>\n<p>&#8230;n\u00ebse ekonomia ka zem\u00ebr, at\u00ebher\u00eb Gursky padyshim donte t\u00eb thoshte ja pra zemra e &#8220;zemr\u00ebs&#8221; s\u00eb ekonomis\u00eb : )<\/p>\n<div id=\"attachment_5675\" style=\"width: 1410px\" class=\"wp-caption alignnone\"><a  href=\"https:\/\/letrat.eu\/wp-content\/uploads\/2020\/03\/Andreas-Gursky-Bursa-e-Hong-Kongut-II-1995.jpg\" data-rel=\"lightbox-gallery-0\" data-rl_title=\"\" data-rl_caption=\"\" title=\"\"><img loading=\"lazy\" decoding=\"async\" aria-describedby=\"caption-attachment-5675\" class=\"size-full wp-image-5675\" src=\"https:\/\/letrat.eu\/wp-content\/uploads\/2020\/03\/Andreas-Gursky-Bursa-e-Hong-Kongut-II-1995.jpg\" alt=\"\" width=\"1400\" height=\"816\" srcset=\"https:\/\/letrat.eu\/wp-content\/uploads\/2020\/03\/Andreas-Gursky-Bursa-e-Hong-Kongut-II-1995.jpg 1400w, https:\/\/letrat.eu\/wp-content\/uploads\/2020\/03\/Andreas-Gursky-Bursa-e-Hong-Kongut-II-1995-300x175.jpg 300w, https:\/\/letrat.eu\/wp-content\/uploads\/2020\/03\/Andreas-Gursky-Bursa-e-Hong-Kongut-II-1995-1024x597.jpg 1024w, https:\/\/letrat.eu\/wp-content\/uploads\/2020\/03\/Andreas-Gursky-Bursa-e-Hong-Kongut-II-1995-768x448.jpg 768w\" sizes=\"auto, (max-width: 1400px) 100vw, 1400px\" \/><\/a><p id=\"caption-attachment-5675\" class=\"wp-caption-text\">Andreas Gursky &#8211; Bursa e Hong Kongut II, 1995<\/p><\/div>\n<p>&#8230;njoh\u00ebsit e artit thon\u00eb se subjekti artistik i Gursky pothuaj p\u00ebrher\u00eb \u00ebsht\u00eb lokucioni bashk\u00ebkohor i di\u00e7kaje sublime; psh. nj\u00eb fuqi e madhe p\u00ebrball\u00eb s\u00eb cil\u00ebs vet\u00ebdij\u00ebsohemi ose e ndiejm\u00eb vog\u00eblsin\u00eb ton\u00eb, nj\u00ebsoj si\u00e7 kalimtari i rastit do ndjente pran\u00eb nj\u00eb objekti madh\u00ebshtor t\u00eb Drejt\u00ebsis\u00eb s\u00eb Shtetit (dihet&#8230; godinat e Drejt\u00ebsis\u00eb gjithmon\u00eb jan\u00eb pallate impozante), ose psh. cilido ushtar e qytetar do ndjehej nj\u00eb &#8220;hi\u00e7&#8221; n\u00ebse t&#8217;i v\u00ebrtitej Pentagonit, ndoshta objektet grandioze q\u00eb prezantojn\u00eb fuqin\u00eb e shtetit q\u00ebllimisht nd\u00ebrtohen ashtu, sepse vet\u00eb &#8220;krenaria&#8221; e shtetit duhet te shk\u00eblqej\u00eb n\u00eb madh\u00ebshtin\u00eb e tyre&#8230; as Roma (e romak\u00ebve) s&#8217;i nd\u00ebrtonte kot ato godinat me lloj-lloj kolanash, harqesh e kupolash, pa mermerin e pa arkitekturat e avancuara fuqia perandorake nuk &#8220;mish\u00ebrohet&#8221; mir\u00ebfilli, s&#8217;mbahet perandoria me kasollesh prej thuprave t\u00eb baltes, as sot e k\u00ebsaj dite shteti s&#8217;mbahet thjesht me fuqin\u00eb e moralit e t\u00eb ligjit, no way&#8230; edhe 2000 vjet pas Rom\u00ebs ende vlejn\u00eb t\u00eb nj\u00ebjtat kondita, cilido shtet serioz n\u00ebse ka nd\u00ebrmend t\u00eb ekzistoj\u00eb patjet\u00ebr q\u00eb i duhet aparati i fuqish\u00ebm ushtarak, pastaj aparati policor, e k\u00ebshtu me radh\u00eb, duhen lloj-lloj aparaturash, duhen dhe arkitekturat grandioze&#8230;<br \/>\n&#8230;bie fjala Kosova vertet ndoshta nj\u00eb shtet me &#8220;cuc\u00ebll&#8221; (dmth. n\u00ebse t&#8217;krahasohej me vjet\u00ebrsin\u00eb e shtet\u00ebsis\u00eb kineze), le q\u00eb nj\u00eb ekonomi e vog\u00ebl por dhe ende n\u00eb pelena, &#8220;kryeplakut&#8221; kosovar p\u00ebrve\u00e7 se t\u00eb kollitet i duhet \u00e7do mbr\u00ebmje t&#8217;i num\u00ebroj\u00eb fasulet e lug\u00ebt n\u00eb kroshne, ama s&#8217;kan\u00eb r\u00ebnd\u00ebsi detaje t\u00eb tilla, pa ushtrin\u00eb Kosova s&#8217;do konsiderohej shtet &#8220;serioz&#8221; &#8211; Roma madje ende pa u b\u00ebr\u00eb Rom\u00eb a perandori, ende pa ia filluar&#8230; fillimisht ishte ushtri : )<\/p>\n<p>[ nj\u00eb foto e Andreas Gursky me titull &#8220;<strong>Rajna II<\/strong>&#8221; mban rekordin e bot\u00ebs fotografike si fotoja m\u00eb e shtrenjt\u00eb e t\u00eb gjitha koh\u00ebrave (dmth shitur \/ bler\u00eb ndonj\u00ebher\u00eb), n\u00eb v. 2011 &#8220;Rajna II&#8221; qe shitur mbi 4 milion\u00eb $ ]<\/p>\n","protected":false},"excerpt":{"rendered":"<p>(sguraziu &#8211; ars poetica, j 2020) &#8230;n\u00ebse ekonomia ka zem\u00ebr, at\u00ebher\u00eb Gursky padyshim donte t\u00eb thoshte ja pra zemra e &#8220;zemr\u00ebs&#8221; s\u00eb ekonomis\u00eb : ) &#8230;njoh\u00ebsit e artit thon\u00eb se subjekti artistik i Gursky pothuaj p\u00ebrher\u00eb \u00ebsht\u00eb lokucioni bashk\u00ebkohor i&hellip; <a href=\"https:\/\/letrat.eu\/?p=5674\" class=\"more-link\">Lexo <span class=\"meta-nav\">&rarr;<\/span><\/a><\/p>\n","protected":false},"author":1,"featured_media":0,"comment_status":"closed","ping_status":"closed","sticky":false,"template":"","format":"standard","meta":{"footnotes":""},"categories":[16],"tags":[],"class_list":["post-5674","post","type-post","status-publish","format-standard","hentry","category-multimedia"],"_links":{"self":[{"href":"https:\/\/letrat.eu\/index.php?rest_route=\/wp\/v2\/posts\/5674","targetHints":{"allow":["GET"]}}],"collection":[{"href":"https:\/\/letrat.eu\/index.php?rest_route=\/wp\/v2\/posts"}],"about":[{"href":"https:\/\/letrat.eu\/index.php?rest_route=\/wp\/v2\/types\/post"}],"author":[{"embeddable":true,"href":"https:\/\/letrat.eu\/index.php?rest_route=\/wp\/v2\/users\/1"}],"replies":[{"embeddable":true,"href":"https:\/\/letrat.eu\/index.php?rest_route=%2Fwp%2Fv2%2Fcomments&post=5674"}],"version-history":[{"count":0,"href":"https:\/\/letrat.eu\/index.php?rest_route=\/wp\/v2\/posts\/5674\/revisions"}],"wp:attachment":[{"href":"https:\/\/letrat.eu\/index.php?rest_route=%2Fwp%2Fv2%2Fmedia&parent=5674"}],"wp:term":[{"taxonomy":"category","embeddable":true,"href":"https:\/\/letrat.eu\/index.php?rest_route=%2Fwp%2Fv2%2Fcategories&post=5674"},{"taxonomy":"post_tag","embeddable":true,"href":"https:\/\/letrat.eu\/index.php?rest_route=%2Fwp%2Fv2%2Ftags&post=5674"}],"curies":[{"name":"wp","href":"https:\/\/api.w.org\/{rel}","templated":true}]}}