{"id":5794,"date":"2020-03-29T16:04:55","date_gmt":"2020-03-29T15:04:55","guid":{"rendered":"https:\/\/letrat.eu\/?p=5794"},"modified":"2024-04-10T14:14:15","modified_gmt":"2024-04-10T13:14:15","slug":"hedonizmi-filo-grafike","status":"publish","type":"post","link":"https:\/\/letrat.eu\/?p=5794","title":{"rendered":"Hedonizmi dhe Ekzistencializmi (filo-grafika)"},"content":{"rendered":"<p>[ <strong>hedonizmi<\/strong> ] &#8211; pozicionimi etik ose moral se k\u00ebnaq\u00ebsia \u00ebsht\u00eb q\u00ebllimi kryesor (i jet\u00ebs) dhe e mira m\u00eb e madhe (m\u00eb e \u00ebmb\u00ebl), andaj duhet t&#8217;jet\u00eb di\u00e7 si boshti (aksio-logjik) rreth t\u00eb cilit v\u00ebrtiten t\u00eb gjitha vendimmarrjet tona<br \/>\n<em>(m\u00eb vajti buza n\u00eb gaz me ngjyr\u00ebn &#8220;roz\u00eb&#8221; q\u00eb dizajneri ka zgjedhur p\u00ebr grafik\u00ebn rreth hedonizmit<\/em> \ud83d\ude42<\/p>\n<p>[ <strong>filo-grafikat<\/strong> ] &#8211; n\u00eb faqen e mir\u00ebnjohur nga dizajner\u00ebt aneskaj bot\u00ebs, Behance, e cila tashm\u00eb ka vite operon n\u00ebn ombrell\u00ebn e gjigantit Adobe, n\u00eb v. 2011 nga Studio Carreras (Barcelon\u00eb, Spanj\u00eb) qenka publikuar nj\u00eb seri grafikash t\u00eb ashtuquajtura &#8220;philographics&#8221; (dmth. filo-grafika, grafika filozofike), shpjegohej aty se fjala \u00ebsht\u00eb p\u00ebr nj\u00eb seri grafikash me ca figura t\u00eb thjeshta dhe me sqarimet shkurt t\u00eb fjal\u00ebve (ideve) t\u00eb m\u00ebdha filozofike &#8211; n\u00eb rregull, un\u00eb vet\u00eb s&#8217;e kisha hasur k\u00ebt\u00eb term &#8220;philographics&#8221; m\u00eb par\u00eb, natyrisht s&#8217;kam patur faj, pasi \u00ebsht\u00eb fjal\u00ebformim sipas metodes &#8220;<em>porte-manteau<\/em>&#8221; i vet\u00eb dizajnerit Genis Carreras (at\u00ebbot\u00eb n\u00eb &#8220;kickstarter&#8221; ideja e tij i paskesh grumbulluar mbi 70.000 Euro &#8211; n\u00eb at\u00eb faqe vizitor\u00ebt, kryesisht artist\u00eb, japin donacione vullnetarisht si financim-mb\u00ebshtetje t\u00eb nj\u00eb projekti t\u00eb caktuar, apo t\u00eb nj\u00eb ideje p\u00ebr nj\u00eb projekt t\u00eb caktuar q\u00eb ia vlen)<\/p>\n<p>* n\u00eb linguistik\u00eb me shprehjen &#8220;<em>porte-manteau<\/em>&#8221; n\u00ebnkuptohet dyzimi ose shkrirja e pjes\u00ebve t\u00eb dy fjal\u00ebve p\u00ebr ta krijuar nj\u00eb term t\u00eb ri, n\u00ebse t\u00eb thosha &#8220;filo-grafik\u00eb&#8221; (ngjash\u00ebm si me termin &#8220;info-grafik\u00eb&#8221;) do t&#8217;thot\u00eb se kam p\u00ebrdorur dy morfema, pra si\u00e7 ka b\u00ebr\u00eb dhe dizajneri Carreras me fjal\u00ebn filozofi + grafik\u00eb<\/p>\n<p><a  href=\"https:\/\/letrat.eu\/wp-content\/uploads\/2020\/03\/Hedonizmi-filo-grafik\u00eb.jpg\" data-rel=\"lightbox-gallery-0\" data-rl_title=\"\" data-rl_caption=\"\" title=\"\"><img loading=\"lazy\" decoding=\"async\" class=\"alignnone size-full wp-image-5795\" src=\"https:\/\/letrat.eu\/wp-content\/uploads\/2020\/03\/Hedonizmi-filo-grafik\u00eb.jpg\" alt=\"\" width=\"893\" height=\"745\" srcset=\"https:\/\/letrat.eu\/wp-content\/uploads\/2020\/03\/Hedonizmi-filo-grafik\u00eb.jpg 893w, https:\/\/letrat.eu\/wp-content\/uploads\/2020\/03\/Hedonizmi-filo-grafik\u00eb-300x250.jpg 300w, https:\/\/letrat.eu\/wp-content\/uploads\/2020\/03\/Hedonizmi-filo-grafik\u00eb-768x641.jpg 768w\" sizes=\"auto, (max-width: 893px) 100vw, 893px\" \/><\/a><\/p>\n<p>[ <strong>ekzistencializmi<\/strong> ] &#8211; individi \u00ebsht\u00eb vet\u00eb p\u00ebrgjegj\u00ebs q\u00eb jet\u00ebs s\u00eb vet t&#8217;i jep kuptim, dhe t&#8217;jetoj\u00eb v\u00ebrtet\u00ebsisht e me pasion (100% i sinqert\u00eb, pa hile dmth), duke u ballafaquar me kushtet ose konditat e veta, me emocionet, me veprimet, me p\u00ebrgjegj\u00ebsit\u00eb si dhe me mendimet<br \/>\n<em>(e sakt\u00eb dhe e qart\u00eb kristal, filozofizmi i sqaron gj\u00ebrat bukur, apo jo<\/em> \ud83d\ude42<\/p>\n<p><a  href=\"https:\/\/letrat.eu\/wp-content\/uploads\/2020\/03\/Ekzistencializmi-filo-grafik\u00eb.jpg\" data-rel=\"lightbox-gallery-0\" data-rl_title=\"\" data-rl_caption=\"\" title=\"\"><img loading=\"lazy\" decoding=\"async\" class=\"alignnone size-full wp-image-5798\" src=\"https:\/\/letrat.eu\/wp-content\/uploads\/2020\/03\/Ekzistencializmi-filo-grafik\u00eb.jpg\" alt=\"\" width=\"1400\" height=\"758\" srcset=\"https:\/\/letrat.eu\/wp-content\/uploads\/2020\/03\/Ekzistencializmi-filo-grafik\u00eb.jpg 1400w, https:\/\/letrat.eu\/wp-content\/uploads\/2020\/03\/Ekzistencializmi-filo-grafik\u00eb-300x162.jpg 300w, https:\/\/letrat.eu\/wp-content\/uploads\/2020\/03\/Ekzistencializmi-filo-grafik\u00eb-1024x554.jpg 1024w, https:\/\/letrat.eu\/wp-content\/uploads\/2020\/03\/Ekzistencializmi-filo-grafik\u00eb-768x416.jpg 768w\" sizes=\"auto, (max-width: 1400px) 100vw, 1400px\" \/><\/a><\/p>\n","protected":false},"excerpt":{"rendered":"<p>[ hedonizmi ] &#8211; pozicionimi etik ose moral se k\u00ebnaq\u00ebsia \u00ebsht\u00eb q\u00ebllimi kryesor (i jet\u00ebs) dhe e mira m\u00eb e madhe (m\u00eb e \u00ebmb\u00ebl), andaj duhet t&#8217;jet\u00eb di\u00e7 si boshti (aksio-logjik) rreth t\u00eb cilit v\u00ebrtiten t\u00eb gjitha vendimmarrjet tona (m\u00eb&hellip; <a href=\"https:\/\/letrat.eu\/?p=5794\" class=\"more-link\">Lexo <span class=\"meta-nav\">&rarr;<\/span><\/a><\/p>\n","protected":false},"author":1,"featured_media":0,"comment_status":"closed","ping_status":"closed","sticky":false,"template":"","format":"standard","meta":{"footnotes":""},"categories":[16],"tags":[],"class_list":["post-5794","post","type-post","status-publish","format-standard","hentry","category-multimedia"],"_links":{"self":[{"href":"https:\/\/letrat.eu\/index.php?rest_route=\/wp\/v2\/posts\/5794","targetHints":{"allow":["GET"]}}],"collection":[{"href":"https:\/\/letrat.eu\/index.php?rest_route=\/wp\/v2\/posts"}],"about":[{"href":"https:\/\/letrat.eu\/index.php?rest_route=\/wp\/v2\/types\/post"}],"author":[{"embeddable":true,"href":"https:\/\/letrat.eu\/index.php?rest_route=\/wp\/v2\/users\/1"}],"replies":[{"embeddable":true,"href":"https:\/\/letrat.eu\/index.php?rest_route=%2Fwp%2Fv2%2Fcomments&post=5794"}],"version-history":[{"count":0,"href":"https:\/\/letrat.eu\/index.php?rest_route=\/wp\/v2\/posts\/5794\/revisions"}],"wp:attachment":[{"href":"https:\/\/letrat.eu\/index.php?rest_route=%2Fwp%2Fv2%2Fmedia&parent=5794"}],"wp:term":[{"taxonomy":"category","embeddable":true,"href":"https:\/\/letrat.eu\/index.php?rest_route=%2Fwp%2Fv2%2Fcategories&post=5794"},{"taxonomy":"post_tag","embeddable":true,"href":"https:\/\/letrat.eu\/index.php?rest_route=%2Fwp%2Fv2%2Ftags&post=5794"}],"curies":[{"name":"wp","href":"https:\/\/api.w.org\/{rel}","templated":true}]}}