{"id":6214,"date":"2020-09-01T17:09:51","date_gmt":"2020-09-01T16:09:51","guid":{"rendered":"https:\/\/letrat.eu\/?p=6214"},"modified":"2024-04-10T10:32:00","modified_gmt":"2024-04-10T09:32:00","slug":"trendafilat-e-bardhe","status":"publish","type":"post","link":"https:\/\/letrat.eu\/?p=6214","title":{"rendered":"Tr\u00ebndafilat e bardh\u00eb&#8230;"},"content":{"rendered":"<p>&#8230;tr\u00ebndafilat e bardh\u00eb bartin nj\u00eb shum\u00ebllojshm\u00ebri kuptimesh simbolike, duke p\u00ebrfshir\u00eb past\u00ebrtin\u00eb, pafaj\u00ebsin\u00eb, hirin (bukurin\u00eb), rinin\u00eb, p\u00ebrul\u00ebsin\u00eb etj., prej koh\u00ebsh t\u00eb njohura si p\u00ebrfaq\u00ebsim i past\u00ebrtis\u00eb, i dashuris\u00eb s\u00eb kulluar nus\u00ebrore, ndonj\u00ebher\u00eb quhen &#8220;tr\u00ebndafilat e marteses&#8221; p\u00ebr shkak t\u00eb asociimit me dashurin\u00eb dhe besnik\u00ebrin\u00eb e p\u00ebrjetshme, gjithashtu mund t\u00eb simbolizojn\u00eb nj\u00eb nism\u00eb t\u00eb re romantike dhe lul\u00ebzimin e dashuris\u00eb s\u00eb p\u00ebrhershme &#8211; p\u00ebr arsye se p\u00ebrfaq\u00ebsojn\u00eb bukurin\u00eb dhe freskin\u00eb e rinis\u00eb, &#8220;simbolizmi&#8221; i tyre p\u00ebrdoret madje dhe n\u00ebp\u00ebr funerale, n\u00ebse i ndjeri t\u00eb ket\u00eb qen\u00eb n\u00eb mosh\u00ebn e re&#8230;<br \/>\n<em>(sguraziu &#8211; gusht 2020)<\/em><\/p>\n<p><a  href=\"https:\/\/letrat.eu\/wp-content\/uploads\/2020\/09\/white_roses-1.jpg\" data-rel=\"lightbox-gallery-0\" data-rl_title=\"\" data-rl_caption=\"\" title=\"\"><img loading=\"lazy\" decoding=\"async\" class=\"alignnone size-full wp-image-6215\" src=\"https:\/\/letrat.eu\/wp-content\/uploads\/2020\/09\/white_roses-1.jpg\" alt=\"\" width=\"1000\" height=\"1000\" srcset=\"https:\/\/letrat.eu\/wp-content\/uploads\/2020\/09\/white_roses-1.jpg 1000w, https:\/\/letrat.eu\/wp-content\/uploads\/2020\/09\/white_roses-1-300x300.jpg 300w, https:\/\/letrat.eu\/wp-content\/uploads\/2020\/09\/white_roses-1-150x150.jpg 150w, https:\/\/letrat.eu\/wp-content\/uploads\/2020\/09\/white_roses-1-768x768.jpg 768w, https:\/\/letrat.eu\/wp-content\/uploads\/2020\/09\/white_roses-1-50x50.jpg 50w\" sizes=\"auto, (max-width: 1000px) 100vw, 1000px\" \/><\/a><\/p>\n","protected":false},"excerpt":{"rendered":"<p>&#8230;tr\u00ebndafilat e bardh\u00eb bartin nj\u00eb shum\u00ebllojshm\u00ebri kuptimesh simbolike, duke p\u00ebrfshir\u00eb past\u00ebrtin\u00eb, pafaj\u00ebsin\u00eb, hirin (bukurin\u00eb), rinin\u00eb, p\u00ebrul\u00ebsin\u00eb etj., prej koh\u00ebsh t\u00eb njohura si p\u00ebrfaq\u00ebsim i past\u00ebrtis\u00eb, i dashuris\u00eb s\u00eb kulluar nus\u00ebrore, ndonj\u00ebher\u00eb quhen &#8220;tr\u00ebndafilat e marteses&#8221; p\u00ebr shkak t\u00eb asociimit me&hellip; <a href=\"https:\/\/letrat.eu\/?p=6214\" class=\"more-link\">Lexo <span class=\"meta-nav\">&rarr;<\/span><\/a><\/p>\n","protected":false},"author":1,"featured_media":0,"comment_status":"closed","ping_status":"closed","sticky":false,"template":"","format":"standard","meta":{"footnotes":""},"categories":[15],"tags":[],"class_list":["post-6214","post","type-post","status-publish","format-standard","hentry","category-shenime-shkurt"],"_links":{"self":[{"href":"https:\/\/letrat.eu\/index.php?rest_route=\/wp\/v2\/posts\/6214","targetHints":{"allow":["GET"]}}],"collection":[{"href":"https:\/\/letrat.eu\/index.php?rest_route=\/wp\/v2\/posts"}],"about":[{"href":"https:\/\/letrat.eu\/index.php?rest_route=\/wp\/v2\/types\/post"}],"author":[{"embeddable":true,"href":"https:\/\/letrat.eu\/index.php?rest_route=\/wp\/v2\/users\/1"}],"replies":[{"embeddable":true,"href":"https:\/\/letrat.eu\/index.php?rest_route=%2Fwp%2Fv2%2Fcomments&post=6214"}],"version-history":[{"count":0,"href":"https:\/\/letrat.eu\/index.php?rest_route=\/wp\/v2\/posts\/6214\/revisions"}],"wp:attachment":[{"href":"https:\/\/letrat.eu\/index.php?rest_route=%2Fwp%2Fv2%2Fmedia&parent=6214"}],"wp:term":[{"taxonomy":"category","embeddable":true,"href":"https:\/\/letrat.eu\/index.php?rest_route=%2Fwp%2Fv2%2Fcategories&post=6214"},{"taxonomy":"post_tag","embeddable":true,"href":"https:\/\/letrat.eu\/index.php?rest_route=%2Fwp%2Fv2%2Ftags&post=6214"}],"curies":[{"name":"wp","href":"https:\/\/api.w.org\/{rel}","templated":true}]}}