{"id":6217,"date":"2020-09-01T17:13:21","date_gmt":"2020-09-01T16:13:21","guid":{"rendered":"https:\/\/letrat.eu\/?p=6217"},"modified":"2024-04-10T10:31:31","modified_gmt":"2024-04-10T09:31:31","slug":"xhuxhet-e-evropes-ngela-duke-mesuar","status":"publish","type":"post","link":"https:\/\/letrat.eu\/?p=6217","title":{"rendered":"&#8220;Xhuxh\u00ebt&#8221; e Evrop\u00ebs &#8211; ngela duke m\u00ebsuar&#8230;"},"content":{"rendered":"<p>&#8230;ky artikulli thot\u00eb se shqiptar\u00ebt (s\u00eb bashku me turqit) na qenkan di\u00e7 si &#8220;xhuxh\u00ebt&#8221; e Evrop\u00ebs, vet\u00eb s&#8217;kam ditur gj\u00eb, fjala e pionierit&#8230; m\u00eb e sinqerta, ama dikush e paska b\u00ebr\u00eb nj\u00eb lloj studimi statistikor dhe paska rezultuar q\u00eb meshkujt shqiptar\u00eb na qenkan [ nd\u00ebr ] m\u00eb t\u00eb shkurtrit e Evrop\u00ebs &#8211; inati sa erdhi e duke u rritur kur m\u00ebsova se askush tjet\u00ebr por lulandez\u00ebt na qenkan gjatosh\u00ebt e EU, hm&#8230; n\u00ebse lulandez\u00ebt na qenkan m\u00eb t\u00eb gjatit, at\u00ebher\u00eb qebesa mua s&#8217;m\u00eb kap &#8220;xhuxhulushizmi&#8221;, jo se gjoja na qenkam dhe un\u00eb lulandez, por sepse &#8220;vendi&#8221; m\u00eb takuaka disa cm mbi mesataren shqiptare &#8211; sipas meje justifikim i drejt\u00eb dhe fakti ngelet fakt : )<\/p>\n<p><em>(sguraziu &#8211; gusht 2020)<\/em><\/p>\n<p><a  href=\"https:\/\/letrat.eu\/wp-content\/uploads\/2020\/09\/meshkujt_shq1.jpg\" data-rel=\"lightbox-gallery-0\" data-rl_title=\"\" data-rl_caption=\"\" title=\"\"><img loading=\"lazy\" decoding=\"async\" class=\"alignnone size-full wp-image-6218\" src=\"https:\/\/letrat.eu\/wp-content\/uploads\/2020\/09\/meshkujt_shq1.jpg\" alt=\"\" width=\"1100\" height=\"992\" srcset=\"https:\/\/letrat.eu\/wp-content\/uploads\/2020\/09\/meshkujt_shq1.jpg 1100w, https:\/\/letrat.eu\/wp-content\/uploads\/2020\/09\/meshkujt_shq1-300x271.jpg 300w, https:\/\/letrat.eu\/wp-content\/uploads\/2020\/09\/meshkujt_shq1-1024x923.jpg 1024w, https:\/\/letrat.eu\/wp-content\/uploads\/2020\/09\/meshkujt_shq1-768x693.jpg 768w\" sizes=\"auto, (max-width: 1100px) 100vw, 1100px\" \/><\/a><\/p>\n","protected":false},"excerpt":{"rendered":"<p>&#8230;ky artikulli thot\u00eb se shqiptar\u00ebt (s\u00eb bashku me turqit) na qenkan di\u00e7 si &#8220;xhuxh\u00ebt&#8221; e Evrop\u00ebs, vet\u00eb s&#8217;kam ditur gj\u00eb, fjala e pionierit&#8230; m\u00eb e sinqerta, ama dikush e paska b\u00ebr\u00eb nj\u00eb lloj studimi statistikor dhe paska rezultuar q\u00eb meshkujt&hellip; <a href=\"https:\/\/letrat.eu\/?p=6217\" class=\"more-link\">Lexo <span class=\"meta-nav\">&rarr;<\/span><\/a><\/p>\n","protected":false},"author":1,"featured_media":0,"comment_status":"closed","ping_status":"closed","sticky":false,"template":"","format":"standard","meta":{"footnotes":""},"categories":[15],"tags":[],"class_list":["post-6217","post","type-post","status-publish","format-standard","hentry","category-shenime-shkurt"],"_links":{"self":[{"href":"https:\/\/letrat.eu\/index.php?rest_route=\/wp\/v2\/posts\/6217","targetHints":{"allow":["GET"]}}],"collection":[{"href":"https:\/\/letrat.eu\/index.php?rest_route=\/wp\/v2\/posts"}],"about":[{"href":"https:\/\/letrat.eu\/index.php?rest_route=\/wp\/v2\/types\/post"}],"author":[{"embeddable":true,"href":"https:\/\/letrat.eu\/index.php?rest_route=\/wp\/v2\/users\/1"}],"replies":[{"embeddable":true,"href":"https:\/\/letrat.eu\/index.php?rest_route=%2Fwp%2Fv2%2Fcomments&post=6217"}],"version-history":[{"count":0,"href":"https:\/\/letrat.eu\/index.php?rest_route=\/wp\/v2\/posts\/6217\/revisions"}],"wp:attachment":[{"href":"https:\/\/letrat.eu\/index.php?rest_route=%2Fwp%2Fv2%2Fmedia&parent=6217"}],"wp:term":[{"taxonomy":"category","embeddable":true,"href":"https:\/\/letrat.eu\/index.php?rest_route=%2Fwp%2Fv2%2Fcategories&post=6217"},{"taxonomy":"post_tag","embeddable":true,"href":"https:\/\/letrat.eu\/index.php?rest_route=%2Fwp%2Fv2%2Ftags&post=6217"}],"curies":[{"name":"wp","href":"https:\/\/api.w.org\/{rel}","templated":true}]}}