{"id":6380,"date":"2020-09-04T15:47:44","date_gmt":"2020-09-04T14:47:44","guid":{"rendered":"https:\/\/letrat.eu\/?p=6380"},"modified":"2024-04-10T09:57:53","modified_gmt":"2024-04-10T08:57:53","slug":"gazetaret-bythazi-thuase-adulina-cicimali-duke-shetitur-ne-bikini","status":"publish","type":"post","link":"https:\/\/letrat.eu\/?p=6380","title":{"rendered":"Gazetar\u00ebt bythazi &#8211; thuase Adulina Cicimali n\u00eb bikini!"},"content":{"rendered":"<p><em>(sguraziu &#8211; ap, maj 2020 &#8211; koment)<\/em><\/p>\n<p>Fb ma hodhi nj\u00eb video t\u00eb Klan Kosova* &#8211; &#8220;Kryeministri n\u00eb detyr\u00eb, Albin Kurti, e viziton&#8230; Shpend Ahmetin&#8221;, epo bukur, por e pabesueshme euforia videografike rreth e rrotull &#8220;asgj\u00ebve t\u00eb vockla&#8221; politike, thuase kjo vizit\u00eb do rezultoj\u00eb n\u00eb shpalljen e Shteteve t\u00eb Bashkuara t\u00eb Ballkanit&#8230; or something bigger than big, vall\u00eb aq shum\u00eb buj\u00eb duhet p\u00ebr nj\u00eb hi\u00e7gj\u00eb, duke e ngulfatur t\u00eb natyrshmen, rutin\u00ebn ditore, normalitetin&#8230; me dhjetra e dhjetra kameraman\u00eb duke ecur bythazi (gjoja &#8220;gazetar\u00eb&#8221;), n\u00ebse gazetar\u00eb at\u00ebher\u00eb s&#8217;m\u00eb besohet qasja &#8220;akulturore&#8221; e tyre, garant as p\u00ebr Presidentin e 50 e kusur shteteve t\u00eb Amerik\u00ebs nuk b\u00ebhet ashtu, videot e amerikan\u00ebve (50 shtete s\u00eb bashku) jan\u00eb t\u00eb qeta, s&#8217;i sheh kush mediatik\u00ebt, jan\u00eb me qindra mbase por s&#8217;i sheh kush, sepse t\u00eb tilla gj\u00ebra \u00ebsht\u00eb supozuar t\u00eb ngelin prapa &#8220;xhamit&#8221;, gazetaria duhet t&#8217;jet\u00eb sa m\u00eb e natyrshme (q\u00eb t&#8217;jet\u00eb e mundur), jo e sforcuar, jo e ngulfatur nga euforia, jo t&#8217;na e hidh\u00ebsoj\u00eb gjith\u00e7ka me shijen a la artifi\u00e7a, thuase fjala \u00ebsht\u00eb p\u00ebr &#8220;gazetari sportive&#8221; n\u00ebn delirin e adrenalin\u00ebs, thuase gazetar\u00ebt na qenkan fansa pas Ronaldos i cili sapo ka sh\u00ebnuar 7 gola dhe na e siguroi fitor\u00ebn kund\u00ebr Komb\u00ebtares s\u00eb Marsit, thuase na qenka fjala p\u00ebr eufori fansash tek vrapojn\u00eb pas idolit t\u00eb tyre, gazetar\u00ebt bythazi me lloj-lloj zukamash e frym\u00ebz\u00ebnie n\u00eb mikrofonat, mir\u00eb q\u00eb s&#8217;rr\u00ebzohet kush, ruana zot nga &#8220;stampedot&#8221; e gazetar\u00ebve&#8230; do shembej bota, kamerat do thyheshin, do i drejtoheshin tavanit, qiellit, gjith\u00eb ajo marr\u00ebzi, thuase Adulina Cicimali paska dalur &#8220;shetitje&#8221; n\u00eb bikini&#8230; &#8211; \u00ebsht\u00eb e turpshme q\u00eb vet\u00eb gazetaria e Kosov\u00ebs si dhe suitat p\u00ebrcjell\u00ebse t\u00eb personaliteve politike p\u00ebrshfaqen n\u00ebp\u00ebr videot e Internetit n\u00eb m\u00ebnyr\u00eb aq &#8220;akulturore&#8221;, mos vall\u00eb s&#8217;jan\u00eb t\u00eb vet\u00ebdijsh\u00ebm q\u00eb Interneti s&#8217;\u00ebsht\u00eb vet\u00ebm i 88 katundeve t\u00eb Drenic\u00ebs (s\u00eb Ep\u00ebrme dhe t\u00eb Poshtme) por me videot e tyre defilojn\u00eb para syve t\u00eb gjith\u00eb bot\u00ebs, ehuuuu&#8230; thuase Evropa s&#8217;paska gazetar\u00eb, pastaj gjith\u00eb ajo buj\u00eb p\u00ebr 2 skuth\u00ebr t\u00eb politik\u00ebs&#8230; thuase nuk \u00ebsht\u00eb fjala p\u00ebr at\u00eb Kosov\u00ebn e vog\u00ebl (q\u00eb n\u00eb Evrop\u00eb s&#8217;e p\u00ebrmend kush) por thuase fjala na qenka p\u00ebr Kin\u00ebn e madhe q\u00eb &#8220;shtyhet&#8221; me gjith\u00eb Evrop\u00ebn e Amerik\u00ebn, thuase Kosova ia kalon dhe vet\u00eb Gala-Kines s\u00eb kuqe q\u00eb i ka me me miliarda &#8220;audienc\u00eb&#8221; t\u00eb detyrueshme (pasi dihet, ashtu e diktojn\u00eb normat e &#8220;xhaxhikuq\u00ebve&#8221; t\u00eb komunizmit)&#8230;<\/p>\n<p>* <strong>Klan Kosova<\/strong> \u00ebsht\u00eb nj\u00eb rrjet televiziv q\u00eb operon n\u00eb Kosov\u00eb, pron\u00eb e Aleksand\u00ebr Frangaj (Shqip\u00ebri), qe lan\u00e7uar n\u00eb v. 2009 (si version kosovar i TV-Klan-it shqiptar)<\/p>\n<p><a  href=\"https:\/\/letrat.eu\/wp-content\/uploads\/2020\/09\/adelina_ismaili_2web.jpg\" data-rel=\"lightbox-gallery-0\" data-rl_title=\"\" data-rl_caption=\"\" title=\"\"><img loading=\"lazy\" decoding=\"async\" class=\"alignnone size-full wp-image-6381\" src=\"https:\/\/letrat.eu\/wp-content\/uploads\/2020\/09\/adelina_ismaili_2web.jpg\" alt=\"\" width=\"1024\" height=\"870\" srcset=\"https:\/\/letrat.eu\/wp-content\/uploads\/2020\/09\/adelina_ismaili_2web.jpg 1024w, https:\/\/letrat.eu\/wp-content\/uploads\/2020\/09\/adelina_ismaili_2web-300x255.jpg 300w, https:\/\/letrat.eu\/wp-content\/uploads\/2020\/09\/adelina_ismaili_2web-768x653.jpg 768w\" sizes=\"auto, (max-width: 1024px) 100vw, 1024px\" \/><\/a><\/p>\n<p><a href=\"https:\/\/www.facebook.com\/KlanKosovaOfficial1\/videos\/242299460392304\/\">Video (ne Fb)<\/a><\/p>\n","protected":false},"excerpt":{"rendered":"<p>(sguraziu &#8211; ap, maj 2020 &#8211; koment) Fb ma hodhi nj\u00eb video t\u00eb Klan Kosova* &#8211; &#8220;Kryeministri n\u00eb detyr\u00eb, Albin Kurti, e viziton&#8230; Shpend Ahmetin&#8221;, epo bukur, por e pabesueshme euforia videografike rreth e rrotull &#8220;asgj\u00ebve t\u00eb vockla&#8221; politike, thuase&hellip; <a href=\"https:\/\/letrat.eu\/?p=6380\" class=\"more-link\">Lexo <span class=\"meta-nav\">&rarr;<\/span><\/a><\/p>\n","protected":false},"author":1,"featured_media":0,"comment_status":"closed","ping_status":"closed","sticky":false,"template":"","format":"standard","meta":{"footnotes":""},"categories":[15],"tags":[],"class_list":["post-6380","post","type-post","status-publish","format-standard","hentry","category-shenime-shkurt"],"_links":{"self":[{"href":"https:\/\/letrat.eu\/index.php?rest_route=\/wp\/v2\/posts\/6380","targetHints":{"allow":["GET"]}}],"collection":[{"href":"https:\/\/letrat.eu\/index.php?rest_route=\/wp\/v2\/posts"}],"about":[{"href":"https:\/\/letrat.eu\/index.php?rest_route=\/wp\/v2\/types\/post"}],"author":[{"embeddable":true,"href":"https:\/\/letrat.eu\/index.php?rest_route=\/wp\/v2\/users\/1"}],"replies":[{"embeddable":true,"href":"https:\/\/letrat.eu\/index.php?rest_route=%2Fwp%2Fv2%2Fcomments&post=6380"}],"version-history":[{"count":0,"href":"https:\/\/letrat.eu\/index.php?rest_route=\/wp\/v2\/posts\/6380\/revisions"}],"wp:attachment":[{"href":"https:\/\/letrat.eu\/index.php?rest_route=%2Fwp%2Fv2%2Fmedia&parent=6380"}],"wp:term":[{"taxonomy":"category","embeddable":true,"href":"https:\/\/letrat.eu\/index.php?rest_route=%2Fwp%2Fv2%2Fcategories&post=6380"},{"taxonomy":"post_tag","embeddable":true,"href":"https:\/\/letrat.eu\/index.php?rest_route=%2Fwp%2Fv2%2Ftags&post=6380"}],"curies":[{"name":"wp","href":"https:\/\/api.w.org\/{rel}","templated":true}]}}