{"id":6650,"date":"2020-09-12T18:27:40","date_gmt":"2020-09-12T17:27:40","guid":{"rendered":"https:\/\/letrat.eu\/?p=6650"},"modified":"2024-04-10T09:18:40","modified_gmt":"2024-04-10T08:18:40","slug":"optimizuar-per-fleksibilitet-eu-ne-stilin-e-mondrian","status":"publish","type":"post","link":"https:\/\/letrat.eu\/?p=6650","title":{"rendered":"Optimizuar p\u00ebr Fleksibilitet &#8211; EU n\u00eb stilin e Mondrian!"},"content":{"rendered":"<p><em>sguraziu &#8211; ap, sh 2020 &#8211; koment&#8230;<\/em><\/p>\n<p>&#8230;<strong>n\u00eb syt\u00eb e gjysm\u00ebs s\u00eb kombit amerikan (dhe t\u00eb bot\u00ebs) Trump duket si nj\u00eb twitter-harabel atje lart n\u00eb maj\u00eb-mullarin e Burj Khalifa t\u00eb Dubait &#8211; aq lart, duke t\u00eb rrahur er\u00ebrat e stratosfer\u00ebs, do luhatej dhe vet\u00eb King Kongu<\/strong>&#8230; \ud83d\ude42<\/p>\n<p>***<br \/>\n&#8230;me &#8220;Final Countdown&#8221; t\u00eb Brexit (1 Janar 2021) do bjer nj\u00eb yll i EU, yll fort i madh, yll krenar e shk\u00eblqimtar &#8211; athua vall\u00eb kush do t&#8217;jet\u00eb &#8220;ylli&#8221; i ardhsh\u00ebm? Mos vall\u00eb Turqia? Ndoshta&#8230; por zor &#8211; anise s&#8217;kemi si ta dim\u00eb (s&#8217;merremi me profeci), m\u00eb par\u00eb ka gjasa t&#8217;jet\u00eb gjith\u00eb Ballkani Per\u00ebndimor, dmth. gradualisht&#8230; ashtu si gradualitet afatshkurt\u00ebr dhe komplet&#8230;<\/p>\n<p>&#8230;gjithsesi EU \u00ebsht\u00eb 100% e optimizuar p\u00ebr fleksibilitet, koncepti &#8220;going Dutch&#8221;, dmth. probabiliteti i &#8220;koprracis\u00eb holandeze&#8221; (rreth zgjerimit) zor t\u00eb ket\u00eb gjasa. Sepse n\u00eb fund t\u00eb fundit ekuilibrimi globalistik \u00ebsht\u00eb jet\u00ebsor, jo vet\u00ebm se \u00ebsht\u00eb elementi ky\u00e7 i rrotullimit aks-iologjik t\u00eb planetit, por nga balansimi varet jet\u00ebgjat\u00ebsia, vitaliteti i politikave t\u00eb globalizmit. Duhet ruajtur balansi me &#8220;superfuqit\u00eb n\u00eb rritje&#8221; (si Kina, India, Brazili)&#8230; dihet se globalizmi &#8220;karakterizohet&#8221; me lloj-lloj turbullirash, me lloj-lloj baticash e zbaticash. Ekonomikat jostabile, tajfunet cunamike t\u00eb tregjeve e t\u00eb berzave, &#8220;ujqit e Wall Street&#8221; dhe depresionet e historis\u00eb askujt s&#8217;i p\u00eblqejn\u00eb&#8230;<\/p>\n<p>&#8230;edhe pse &#8220;konservativizmi ekonomik&#8221; \u00ebsht\u00eb fare okidoki, par\u00eb nga perspektiva e EU madje dhe vet\u00eb Amerika e er\u00ebs s\u00eb Trumpizmit sikur me ato veset &#8220;rogue&#8221;, thuase &#8220;na ka dal\u00eb shejtan me brina&#8221; (do thoshte dikur Xhaxhi-Hoxha). N\u00eb uj\u00ebrat e trazuar t\u00eb globalizmit peshqit e vegj\u00ebl, sado guximtar\u00eb e aventurier\u00eb, p\u00ebr fat t\u00eb keq s&#8217;kan\u00eb shans. Makropolitikat dhe strategjikat e EU n\u00eb sken\u00ebn globale tashm\u00eb jan\u00eb konsoliduar mir\u00ebfilli. N\u00eb t\u00eb ardhmen gjithmon\u00eb do ket\u00eb &#8220;pako zgjeruese&#8221; dhe do implementohen. Duhet t&#8217;jesh sa m\u00eb i madh, mund\u00ebsisht peshkaqen gjigand, pasi thjesht s&#8217;ke kujt t\u2019i besosh \ud83d\ude42<\/p>\n<p>***<br \/>\n&#8230;na kujtohet si &#8220;Europe&#8221; (nj\u00eb grup muzikor suedez), n\u00eb v.1986 k\u00ebndonte &#8220;The Final Countdown&#8221; (Num\u00ebrimi final\u2026 fundimtar), hiti i tyre do t&#8217;u printe top-listave t\u00eb 25 shteteve\u2026 hm, pas atyre suedezve marramend\u00ebs ABBA rishtas suedez\u00ebt, at\u00ebbot\u00eb thuase gjith\u00e7ka e muzikave t\u00eb tyre na qenk\u00ebsh motivuar e ngjeshur &#8220;politikisht&#8221;, thuase val\u00ebt e gjenialitetit muzikor suedez pa kompromise do ta ndihmonin &#8220;shembjen&#8221; e Murit t\u00eb Berlinit, sepse duhej t\u00eb rr\u00ebzohej&#8230;<\/p>\n<p>&#8230;shembja sikur do ishte e pashmangshme, thuase arti (muzika) e kishte &#8220;fluktuar&#8221; presionin e vet andej kah Lindja, kah Berlini Lindor, suedez\u00ebt ABBA dhe Europe bot\u00ebs i flisnin me gjuh\u00ebn m\u00eb t\u00eb past\u00ebr artistike, muzika me universalizmin e vet do t\u2019kontribuonte sadopak q\u00eb &#8220;politikat e mureve&#8221; t\u00eb sfidoheheshin, muzika si art do t\u2019kontribuonte ndoshta po aq sa dhe diplomacia, ndoshta vet\u00eb muzika do ta p\u00ebrgatiste terrenin e politikave&#8230;<\/p>\n<p>&#8230;3-4 vite m\u00eb von\u00eb na kujtohen protestat masive t\u00eb Berlinit, viti 1989, na kujtohet se si &#8220;Muri&#8230; u shemb&#8221;, anise kushtet p\u00ebr shembjen reale pjes\u00ebrisht pat\u00ebn ardhur si rrjedhoj\u00eb e nj\u00eb &#8220;pakujdesie&#8221; burokratike, na kujtohet 1 vit m\u00eb von\u00eb, n\u00eb v. 1990, &#8220;Scorpions&#8221; (grup muzikor gjermano-per\u00ebndimor) k\u00ebndonte &#8220;Wind of Change&#8221; (Era e Ndryshimeve)&#8230;<\/p>\n<p>***<br \/>\n&#8230;&#8221;brexit-izmi&#8221;, &#8220;trump-izmi&#8221; (e k\u00ebso t\u00eb ngjashme) jan\u00eb &#8220;er\u00ebrash serioze&#8221; p\u00ebr EU, n\u00ebse Trump pa pik\u00eb turpi krekoset p\u00ebr supremacin\u00eb e vet, kuptohet si lider suprematik t\u00eb takon dhe maja e piramid\u00ebs, problemi \u00ebsht\u00eb se demokracia moderne nuk \u00ebsht\u00eb &#8220;koncept faraonik&#8221;, n\u00eb fakt n\u00eb syt\u00eb e gjysm\u00ebs s\u00eb kombit amerikan (dhe t\u00eb bot\u00ebs) Trump duket si nj\u00eb twitter-harabel atje lart n\u00eb maj\u00eb-mullarin e Burj Khalifa t\u00eb Dubait &#8211; aq lart, duke t\u00eb rrahur er\u00ebrat e stratosfer\u00ebs, do luhatej dhe vet\u00eb King Kongu&#8230; \ud83d\ude42<\/p>\n<p>&#8230;shkurt me &#8220;winds of change&#8221; \u00ebsht\u00eb logjike se mund t\u00eb pasojn\u00eb dhe EU-ndryshime, paralelisht me kursin e politikave tejoqeanike, anise jo ndryshime fondamentale, jo totalisht rr\u00ebnj\u00ebsore a thelb\u00ebsore&#8230;<\/p>\n<p><a  href=\"https:\/\/letrat.eu\/wp-content\/uploads\/2020\/09\/Optimizuar-per-Fleksibilitet-EU-ne-stilin-e-Mondrian-Dutch-style.jpg\" data-rel=\"lightbox-gallery-0\" data-rl_title=\"\" data-rl_caption=\"\" title=\"\"><img loading=\"lazy\" decoding=\"async\" class=\"alignnone size-full wp-image-6651\" src=\"https:\/\/letrat.eu\/wp-content\/uploads\/2020\/09\/Optimizuar-per-Fleksibilitet-EU-ne-stilin-e-Mondrian-Dutch-style.jpg\" alt=\"\" width=\"1682\" height=\"944\" srcset=\"https:\/\/letrat.eu\/wp-content\/uploads\/2020\/09\/Optimizuar-per-Fleksibilitet-EU-ne-stilin-e-Mondrian-Dutch-style.jpg 1682w, https:\/\/letrat.eu\/wp-content\/uploads\/2020\/09\/Optimizuar-per-Fleksibilitet-EU-ne-stilin-e-Mondrian-Dutch-style-300x168.jpg 300w, https:\/\/letrat.eu\/wp-content\/uploads\/2020\/09\/Optimizuar-per-Fleksibilitet-EU-ne-stilin-e-Mondrian-Dutch-style-1024x575.jpg 1024w, https:\/\/letrat.eu\/wp-content\/uploads\/2020\/09\/Optimizuar-per-Fleksibilitet-EU-ne-stilin-e-Mondrian-Dutch-style-768x431.jpg 768w, https:\/\/letrat.eu\/wp-content\/uploads\/2020\/09\/Optimizuar-per-Fleksibilitet-EU-ne-stilin-e-Mondrian-Dutch-style-1536x862.jpg 1536w\" sizes=\"auto, (max-width: 1682px) 100vw, 1682px\" \/><\/a><\/p>\n","protected":false},"excerpt":{"rendered":"<p>sguraziu &#8211; ap, sh 2020 &#8211; koment&#8230; &#8230;n\u00eb syt\u00eb e gjysm\u00ebs s\u00eb kombit amerikan (dhe t\u00eb bot\u00ebs) Trump duket si nj\u00eb twitter-harabel atje lart n\u00eb maj\u00eb-mullarin e Burj Khalifa t\u00eb Dubait &#8211; aq lart, duke t\u00eb rrahur er\u00ebrat e stratosfer\u00ebs,&hellip; <a href=\"https:\/\/letrat.eu\/?p=6650\" class=\"more-link\">Lexo <span class=\"meta-nav\">&rarr;<\/span><\/a><\/p>\n","protected":false},"author":1,"featured_media":0,"comment_status":"closed","ping_status":"closed","sticky":false,"template":"","format":"standard","meta":{"footnotes":""},"categories":[10],"tags":[],"class_list":["post-6650","post","type-post","status-publish","format-standard","hentry","category-komente"],"_links":{"self":[{"href":"https:\/\/letrat.eu\/index.php?rest_route=\/wp\/v2\/posts\/6650","targetHints":{"allow":["GET"]}}],"collection":[{"href":"https:\/\/letrat.eu\/index.php?rest_route=\/wp\/v2\/posts"}],"about":[{"href":"https:\/\/letrat.eu\/index.php?rest_route=\/wp\/v2\/types\/post"}],"author":[{"embeddable":true,"href":"https:\/\/letrat.eu\/index.php?rest_route=\/wp\/v2\/users\/1"}],"replies":[{"embeddable":true,"href":"https:\/\/letrat.eu\/index.php?rest_route=%2Fwp%2Fv2%2Fcomments&post=6650"}],"version-history":[{"count":0,"href":"https:\/\/letrat.eu\/index.php?rest_route=\/wp\/v2\/posts\/6650\/revisions"}],"wp:attachment":[{"href":"https:\/\/letrat.eu\/index.php?rest_route=%2Fwp%2Fv2%2Fmedia&parent=6650"}],"wp:term":[{"taxonomy":"category","embeddable":true,"href":"https:\/\/letrat.eu\/index.php?rest_route=%2Fwp%2Fv2%2Fcategories&post=6650"},{"taxonomy":"post_tag","embeddable":true,"href":"https:\/\/letrat.eu\/index.php?rest_route=%2Fwp%2Fv2%2Ftags&post=6650"}],"curies":[{"name":"wp","href":"https:\/\/api.w.org\/{rel}","templated":true}]}}