{"id":6692,"date":"2020-09-12T19:53:50","date_gmt":"2020-09-12T18:53:50","guid":{"rendered":"https:\/\/letrat.eu\/?p=6692"},"modified":"2024-04-10T09:13:46","modified_gmt":"2024-04-10T08:13:46","slug":"qarqet-politike-e-shkencore-dhe-ne-te-tjeret-shoqeria-e-zakonshme","status":"publish","type":"post","link":"https:\/\/letrat.eu\/?p=6692","title":{"rendered":"Qarqet politike e shkencore, dhe ne t\u00eb tjer\u00ebt (shoq\u00ebria e zakonshme)"},"content":{"rendered":"<p><em>(sguraziu &#8211; ars poetica, prill 2020)<\/em><\/p>\n<p>&#8220;<strong>aspekti m\u00eb i trisht\u00eb i jet\u00ebs aktualisht \u00ebsht\u00eb se shkenca mbledh njohuri m\u00eb shpejt\u00eb sesa shoq\u00ebria ia del t\u00eb &#8216;mbledh&#8217; urt\u00ebsi&#8221; &#8211; Anti-intelektualizmi p\u00ebrher\u00eb e ka p\u00ebrshkuar jet\u00ebn ton\u00eb politike dhe kulturore, si nj\u00eb fije, nxitur e ushqyer nga nocioni i rrem\u00eb se demokraci do t&#8217;thot\u00eb &#8216;injoranca ime \u00ebsht\u00eb po aq e mir\u00eb sa dhe dija jote&#8217;<\/strong>&#8230;&#8221; &#8211; Isaac Asimov (1920-1992)<\/p>\n<p>&#8230;vet\u00eb s&#8217;jam as ekspert as shkenc\u00ebtar, s&#8217;e kam iden\u00eb natyrisht, por gjithandej &#8220;shushuritet&#8221; se rreth Coronavirus (COVID-19) \u00ebsht\u00eb ekzagjeruar dhe se s&#8217;ka patur nj\u00eb qasje &#8220;shkencore&#8221; lidhur me masat, e madje sikur dhe me statistikat e vdekjeve \u00ebsht\u00eb &#8220;manipuluar&#8221; (duke mos i ve\u00e7uar shkaktar\u00ebt, simptomat pararend\u00ebse, por duke futur gjith\u00e7ka n\u00ebn &#8220;ombrell\u00ebn virusologjike&#8221;, sipas artikujve t\u00eb till\u00eb ka di\u00e7 q\u00eb nuk &#8220;shkon&#8221; me euforin\u00eb mediatike dhe me gjith\u00eb qasjen, pasi s&#8217;kishte m\u00eb pak vdekje as nga corona-viruset e tjer\u00eb, n\u00eb fakt dallimi i vet\u00ebm qenka se nuk \u00ebsht\u00eb krijuar panik, s&#8217;\u00ebsht\u00eb b\u00ebr\u00eb kaq shum\u00eb buj\u00eb &#8211; nj\u00eb artikull n\u00eb Global Research thoshte se vet\u00eb Dr. S. Bhakdi (Prof. Emeritus i Mikrobiologjis\u00eb Medicinale &#8211; Univ. Johannes Gutenberg, Mainz) para ca kohe i qenka drejtuar Kancelares Merkel me nj\u00eb let\u00ebr t\u00eb hapur, ku ai i paska shprehur &#8220;brengat&#8221; e veta&#8230;<\/p>\n<p>[ <a href=\"https:\/\/www.globalresearch.ca\/open-letter-professor-sucharit-bhakdi-german-chancellor-dr-angela-merkel\/5708004\" target=\"_blank\" rel=\"noopener noreferrer\">https:\/\/www.globalresearch.ca\/open-letter-professor-sucharit-bhakdi-german-chancellor-dr-angela-merkel\/5708004<\/a> ]<\/p>\n<p>***<br \/>\n(&#8230;i dashur z. Asimov (do i &#8220;qahesha&#8221; un\u00eb sot), ndoshta s&#8217;\u00ebsht\u00eb dhe aq problem &#8220;shpejt\u00ebsia&#8221; e shkenc\u00ebs, natyrisht q\u00eb shoq\u00ebria s&#8217;mund t&#8217;i ndjek as hapat dhe as avancimet e shkenc\u00ebs, pothuaj 20-30 vjet pasi Ajnshtajni e pati publikuar &#8220;relativitetin&#8221; e vet, ende flitej se as 20 persona s&#8217;mund ta kuptonin teorin\u00eb e tij, madje dhe sot e k\u00ebsaj dite ka panum\u00ebr shkenc\u00ebtar\u00eb q\u00eb ende s&#8217;e kan\u00eb kuptuar&#8230; (dmth. as vet\u00eb shkenc\u00ebtar\u00ebt s&#8217;ia dalin t\u00eb gjith\u00eb ta kuptojn\u00eb Ajnshtajnin), e qart\u00eb se teorit\u00eb shkencore jan\u00eb gjithmon\u00eb disa hapa para shoq\u00ebris\u00eb, ashtu-k\u00ebshtu t\u00eb gjitha teorit\u00eb jan\u00eb &#8220;p\u00ebrpara&#8221; shoq\u00ebris\u00eb, madje dhe ato filozofike&#8230; shkenca, artet dhe t\u00eb gjitha teorit\u00eb \u00ebsht\u00eb supozuar t\u00eb jen\u00eb &#8220;hapa avangard\u00eb&#8221; t\u00eb shoq\u00ebris\u00eb, gjithsesi kam frik\u00eb sot kemi dhe nj\u00eb aspekt tjet\u00ebr t\u00eb trisht\u00eb, sot kemi dhe nj\u00eb problem m\u00eb tep\u00ebr &#8211; ndoshta s&#8217;duhet anashkaluar faktin se shkenc\u00ebtar\u00ebt mund t\u00eb &#8220;blihen e t\u00eb shiten&#8221; po ashtu, mund t\u00eb manipulohen nj\u00ebsoj si neve t\u00eb tjer\u00ebt (e shoq\u00ebris\u00eb ordinere), psh. nga oligarkia e pasur, nga polit-elita globaliste, nga korporatat &#8220;multi-nacionale&#8221;, pasi shkenc\u00ebtar\u00ebt atyre u japin llogari&#8230; jo mua, shkenc\u00ebtar\u00ebt nga ta e fitojn\u00eb buk\u00ebn e mjaltin e vet, jo nga un\u00eb&#8230;)<\/p>\n<p>***<br \/>\n&#8220;<strong>Supozimet tua jan\u00eb dritarja p\u00ebr ta par\u00eb bot\u00ebn, pastroji her\u00eb pas here &#8216;xhamat&#8217;, ose drita s&#8217;do t\u00eb hyj\u00eb&#8230;<\/strong>&#8221; &#8211; Isaac Asimov (1920-1992)<\/p>\n<p><a  href=\"https:\/\/letrat.eu\/wp-content\/uploads\/2020\/09\/qarqet-politike-e-shkencore-dhe-ne-te-tjeret.jpg\" data-rel=\"lightbox-gallery-0\" data-rl_title=\"\" data-rl_caption=\"\" title=\"\"><img loading=\"lazy\" decoding=\"async\" class=\"alignnone size-full wp-image-6693\" src=\"https:\/\/letrat.eu\/wp-content\/uploads\/2020\/09\/qarqet-politike-e-shkencore-dhe-ne-te-tjeret.jpg\" alt=\"\" width=\"1600\" height=\"900\" srcset=\"https:\/\/letrat.eu\/wp-content\/uploads\/2020\/09\/qarqet-politike-e-shkencore-dhe-ne-te-tjeret.jpg 1600w, https:\/\/letrat.eu\/wp-content\/uploads\/2020\/09\/qarqet-politike-e-shkencore-dhe-ne-te-tjeret-300x169.jpg 300w, https:\/\/letrat.eu\/wp-content\/uploads\/2020\/09\/qarqet-politike-e-shkencore-dhe-ne-te-tjeret-1024x576.jpg 1024w, https:\/\/letrat.eu\/wp-content\/uploads\/2020\/09\/qarqet-politike-e-shkencore-dhe-ne-te-tjeret-768x432.jpg 768w, https:\/\/letrat.eu\/wp-content\/uploads\/2020\/09\/qarqet-politike-e-shkencore-dhe-ne-te-tjeret-1536x864.jpg 1536w\" sizes=\"auto, (max-width: 1600px) 100vw, 1600px\" \/><\/a><\/p>\n","protected":false},"excerpt":{"rendered":"<p>(sguraziu &#8211; ars poetica, prill 2020) &#8220;aspekti m\u00eb i trisht\u00eb i jet\u00ebs aktualisht \u00ebsht\u00eb se shkenca mbledh njohuri m\u00eb shpejt\u00eb sesa shoq\u00ebria ia del t\u00eb &#8216;mbledh&#8217; urt\u00ebsi&#8221; &#8211; Anti-intelektualizmi p\u00ebrher\u00eb e ka p\u00ebrshkuar jet\u00ebn ton\u00eb politike dhe kulturore, si nj\u00eb&hellip; <a href=\"https:\/\/letrat.eu\/?p=6692\" class=\"more-link\">Lexo <span class=\"meta-nav\">&rarr;<\/span><\/a><\/p>\n","protected":false},"author":1,"featured_media":0,"comment_status":"closed","ping_status":"closed","sticky":false,"template":"","format":"standard","meta":{"footnotes":""},"categories":[10],"tags":[],"class_list":["post-6692","post","type-post","status-publish","format-standard","hentry","category-komente"],"_links":{"self":[{"href":"https:\/\/letrat.eu\/index.php?rest_route=\/wp\/v2\/posts\/6692","targetHints":{"allow":["GET"]}}],"collection":[{"href":"https:\/\/letrat.eu\/index.php?rest_route=\/wp\/v2\/posts"}],"about":[{"href":"https:\/\/letrat.eu\/index.php?rest_route=\/wp\/v2\/types\/post"}],"author":[{"embeddable":true,"href":"https:\/\/letrat.eu\/index.php?rest_route=\/wp\/v2\/users\/1"}],"replies":[{"embeddable":true,"href":"https:\/\/letrat.eu\/index.php?rest_route=%2Fwp%2Fv2%2Fcomments&post=6692"}],"version-history":[{"count":0,"href":"https:\/\/letrat.eu\/index.php?rest_route=\/wp\/v2\/posts\/6692\/revisions"}],"wp:attachment":[{"href":"https:\/\/letrat.eu\/index.php?rest_route=%2Fwp%2Fv2%2Fmedia&parent=6692"}],"wp:term":[{"taxonomy":"category","embeddable":true,"href":"https:\/\/letrat.eu\/index.php?rest_route=%2Fwp%2Fv2%2Fcategories&post=6692"},{"taxonomy":"post_tag","embeddable":true,"href":"https:\/\/letrat.eu\/index.php?rest_route=%2Fwp%2Fv2%2Ftags&post=6692"}],"curies":[{"name":"wp","href":"https:\/\/api.w.org\/{rel}","templated":true}]}}