{"id":6705,"date":"2020-09-13T17:04:50","date_gmt":"2020-09-13T16:04:50","guid":{"rendered":"https:\/\/letrat.eu\/?p=6705"},"modified":"2024-04-10T09:08:36","modified_gmt":"2024-04-10T08:08:36","slug":"suzanne-buffam-mjaft","status":"publish","type":"post","link":"https:\/\/letrat.eu\/?p=6705","title":{"rendered":"Suzanne Buffam &#8211; Mjaft"},"content":{"rendered":"<div id=\"attachment_6706\" style=\"width: 298px\" class=\"wp-caption alignright\"><a  href=\"https:\/\/letrat.eu\/wp-content\/uploads\/2020\/09\/suzanne_buffam_web_crop2.jpg\" data-rel=\"lightbox-gallery-0\" data-rl_title=\"\" data-rl_caption=\"\" title=\"\"><img loading=\"lazy\" decoding=\"async\" aria-describedby=\"caption-attachment-6706\" class=\"size-medium wp-image-6706\" src=\"https:\/\/letrat.eu\/wp-content\/uploads\/2020\/09\/suzanne_buffam_web_crop2-288x300.jpg\" alt=\"\" width=\"288\" height=\"300\" srcset=\"https:\/\/letrat.eu\/wp-content\/uploads\/2020\/09\/suzanne_buffam_web_crop2-288x300.jpg 288w, https:\/\/letrat.eu\/wp-content\/uploads\/2020\/09\/suzanne_buffam_web_crop2-985x1024.jpg 985w, https:\/\/letrat.eu\/wp-content\/uploads\/2020\/09\/suzanne_buffam_web_crop2-768x799.jpg 768w, https:\/\/letrat.eu\/wp-content\/uploads\/2020\/09\/suzanne_buffam_web_crop2.jpg 1000w\" sizes=\"auto, (max-width: 288px) 100vw, 288px\" \/><\/a><p id=\"caption-attachment-6706\" class=\"wp-caption-text\">Suzanne Buffam<\/p><\/div>\n<p>MJAFT<br \/>\n<strong>Suzanne Buffam<\/strong> [ 1972, Kanada ]<\/p>\n<p>Mbaj syze t\u00eb err\u00ebta brenda sht\u00ebpis\u00eb<br \/>\nQ\u00eb t&#8217;i p\u00ebrshtatem zymt\u00ebsis\u00eb shpirt\u00ebrore.<\/p>\n<p>Torten e kam b\u00ebr\u00eb fare pa sheqer.<br \/>\nZem\u00ebrimi im \u00ebsht\u00eb nj\u00eb lloj inati sht\u00ebpiak.<\/p>\n<p>E kam m\u00ebsuar nga n\u00ebna<br \/>\nAjo do e ket\u00eb m\u00ebsuar nga n\u00ebna e vet<\/p>\n<p>Dhe k\u00ebshtu me radh\u00eb.<br \/>\nPadyshim grek\u00ebt e kishin nj\u00eb fjal\u00eb p\u00ebr k\u00ebt\u00eb.<\/p>\n<p>Tani me siguri dhe gjerman\u00ebt po ashtu.<br \/>\nSa m\u00eb shum\u00eb fjal\u00eb nj\u00eb dikush i di<\/p>\n<p>P\u00ebr t&#8217;i p\u00ebrshkruar vuajtjet personale<br \/>\nAq m\u00eb larg n\u00eb koh\u00eb mund t&#8217;i p\u00ebrceptoj\u00eb ato.<\/p>\n<p>P\u00ebrs\u00ebris emrat e gjith\u00eb qyteteve q\u00eb kam njohur<br \/>\nDhe shoh nj\u00eb milingon\u00eb tek e t\u00ebrheq<br \/>\nhijen e shtremb\u00ebr t\u00eb sht\u00ebpis\u00eb.<\/p>\n<p>\u00c7&#8217;do t&#8217;thot\u00eb vall\u00eb ta duash jet\u00ebn q\u00eb na \u00ebsht\u00eb dh\u00ebn\u00eb?<br \/>\nT\u00eb aktrosh mir\u00eb n\u00eb rolin e paracaktuar p\u00ebr ne?<\/p>\n<p>Er\u00eb. Drit\u00eb. Zjarr. Koh\u00eb.<br \/>\nNj\u00eb tren fishk\u00ebllen nd\u00ebr kodrinat e larg\u00ebta.<\/p>\n<p>Planifikoj nj\u00eb dit\u00eb t\u00eb udh\u00ebtoj me t\u00eb.<\/p>\n<p>&#8211; &#8211; &#8211;<br \/>\n<span style=\"color: #999999;\">\u00a9 S. Buffam &#8211; Burimi: The Irrationalist (Canarium Books, 2010), via Poetry Foundation, ShBA<\/span><br \/>\n<span style=\"color: #999999;\">\u00a9 p\u00ebr p\u00ebrkthimin: S. Guraziu &#8211; Ars Poetica, 2020<\/span><\/p>\n","protected":false},"excerpt":{"rendered":"<p>MJAFT Suzanne Buffam [ 1972, Kanada ] Mbaj syze t\u00eb err\u00ebta brenda sht\u00ebpis\u00eb Q\u00eb t&#8217;i p\u00ebrshtatem zymt\u00ebsis\u00eb shpirt\u00ebrore. Torten e kam b\u00ebr\u00eb fare pa sheqer. Zem\u00ebrimi im \u00ebsht\u00eb nj\u00eb lloj inati sht\u00ebpiak. E kam m\u00ebsuar nga n\u00ebna Ajo do e&hellip; <a href=\"https:\/\/letrat.eu\/?p=6705\" class=\"more-link\">Lexo <span class=\"meta-nav\">&rarr;<\/span><\/a><\/p>\n","protected":false},"author":1,"featured_media":0,"comment_status":"closed","ping_status":"closed","sticky":false,"template":"","format":"standard","meta":{"footnotes":""},"categories":[2],"tags":[],"class_list":["post-6705","post","type-post","status-publish","format-standard","hentry","category-perkthime"],"_links":{"self":[{"href":"https:\/\/letrat.eu\/index.php?rest_route=\/wp\/v2\/posts\/6705","targetHints":{"allow":["GET"]}}],"collection":[{"href":"https:\/\/letrat.eu\/index.php?rest_route=\/wp\/v2\/posts"}],"about":[{"href":"https:\/\/letrat.eu\/index.php?rest_route=\/wp\/v2\/types\/post"}],"author":[{"embeddable":true,"href":"https:\/\/letrat.eu\/index.php?rest_route=\/wp\/v2\/users\/1"}],"replies":[{"embeddable":true,"href":"https:\/\/letrat.eu\/index.php?rest_route=%2Fwp%2Fv2%2Fcomments&post=6705"}],"version-history":[{"count":0,"href":"https:\/\/letrat.eu\/index.php?rest_route=\/wp\/v2\/posts\/6705\/revisions"}],"wp:attachment":[{"href":"https:\/\/letrat.eu\/index.php?rest_route=%2Fwp%2Fv2%2Fmedia&parent=6705"}],"wp:term":[{"taxonomy":"category","embeddable":true,"href":"https:\/\/letrat.eu\/index.php?rest_route=%2Fwp%2Fv2%2Fcategories&post=6705"},{"taxonomy":"post_tag","embeddable":true,"href":"https:\/\/letrat.eu\/index.php?rest_route=%2Fwp%2Fv2%2Ftags&post=6705"}],"curies":[{"name":"wp","href":"https:\/\/api.w.org\/{rel}","templated":true}]}}