{"id":7208,"date":"2021-04-01T11:20:15","date_gmt":"2021-04-01T10:20:15","guid":{"rendered":"https:\/\/letrat.eu\/?p=7208"},"modified":"2024-04-09T09:08:11","modified_gmt":"2024-04-09T08:08:11","slug":"ca-foto-te-bukura-si-dhe-gjeo-demografikat-e-kosoves","status":"publish","type":"post","link":"https:\/\/letrat.eu\/?p=7208","title":{"rendered":"Ca foto t\u00eb bukura, si dhe gjeo-demografikat e Kosov\u00ebs"},"content":{"rendered":"<p>&#8230;Kosova me numra &#8211; ca foto t\u00eb bukura si dhe gjeo-demografikat e Kosov\u00ebs<\/p>\n<p><a  href=\"https:\/\/letrat.eu\/wp-content\/uploads\/2021\/04\/gjeo-demografikat_e_kosoves1.jpg\" data-rel=\"lightbox-gallery-0\" data-rl_title=\"\" data-rl_caption=\"\" title=\"\"><img loading=\"lazy\" decoding=\"async\" class=\"alignnone wp-image-7209 size-full\" src=\"https:\/\/letrat.eu\/wp-content\/uploads\/2021\/04\/gjeo-demografikat_e_kosoves1.jpg\" alt=\"\" width=\"1778\" height=\"1479\" srcset=\"https:\/\/letrat.eu\/wp-content\/uploads\/2021\/04\/gjeo-demografikat_e_kosoves1.jpg 1778w, https:\/\/letrat.eu\/wp-content\/uploads\/2021\/04\/gjeo-demografikat_e_kosoves1-300x250.jpg 300w, https:\/\/letrat.eu\/wp-content\/uploads\/2021\/04\/gjeo-demografikat_e_kosoves1-1024x852.jpg 1024w, https:\/\/letrat.eu\/wp-content\/uploads\/2021\/04\/gjeo-demografikat_e_kosoves1-768x639.jpg 768w, https:\/\/letrat.eu\/wp-content\/uploads\/2021\/04\/gjeo-demografikat_e_kosoves1-1536x1278.jpg 1536w\" sizes=\"auto, (max-width: 1778px) 100vw, 1778px\" \/><\/a><\/p>\n<p><a  href=\"https:\/\/letrat.eu\/wp-content\/uploads\/2021\/04\/gjeo-demografikat_e_kosoves2.jpg\" data-rel=\"lightbox-gallery-0\" data-rl_title=\"\" data-rl_caption=\"\" title=\"\"><img loading=\"lazy\" decoding=\"async\" class=\"alignnone wp-image-7210 size-full\" src=\"https:\/\/letrat.eu\/wp-content\/uploads\/2021\/04\/gjeo-demografikat_e_kosoves2.jpg\" alt=\"\" width=\"1600\" height=\"1331\" srcset=\"https:\/\/letrat.eu\/wp-content\/uploads\/2021\/04\/gjeo-demografikat_e_kosoves2.jpg 1600w, https:\/\/letrat.eu\/wp-content\/uploads\/2021\/04\/gjeo-demografikat_e_kosoves2-300x250.jpg 300w, https:\/\/letrat.eu\/wp-content\/uploads\/2021\/04\/gjeo-demografikat_e_kosoves2-1024x852.jpg 1024w, https:\/\/letrat.eu\/wp-content\/uploads\/2021\/04\/gjeo-demografikat_e_kosoves2-768x639.jpg 768w, https:\/\/letrat.eu\/wp-content\/uploads\/2021\/04\/gjeo-demografikat_e_kosoves2-1536x1278.jpg 1536w\" sizes=\"auto, (max-width: 1600px) 100vw, 1600px\" \/><\/a><\/p>\n<p><a  href=\"https:\/\/letrat.eu\/wp-content\/uploads\/2021\/04\/gjeo-demografikat_e_kosoves3.jpg\" data-rel=\"lightbox-gallery-0\" data-rl_title=\"\" data-rl_caption=\"\" title=\"\"><img loading=\"lazy\" decoding=\"async\" class=\"alignnone wp-image-7211 size-full\" src=\"https:\/\/letrat.eu\/wp-content\/uploads\/2021\/04\/gjeo-demografikat_e_kosoves3.jpg\" alt=\"\" width=\"1600\" height=\"1331\" srcset=\"https:\/\/letrat.eu\/wp-content\/uploads\/2021\/04\/gjeo-demografikat_e_kosoves3.jpg 1600w, https:\/\/letrat.eu\/wp-content\/uploads\/2021\/04\/gjeo-demografikat_e_kosoves3-300x250.jpg 300w, https:\/\/letrat.eu\/wp-content\/uploads\/2021\/04\/gjeo-demografikat_e_kosoves3-1024x852.jpg 1024w, https:\/\/letrat.eu\/wp-content\/uploads\/2021\/04\/gjeo-demografikat_e_kosoves3-768x639.jpg 768w, https:\/\/letrat.eu\/wp-content\/uploads\/2021\/04\/gjeo-demografikat_e_kosoves3-1536x1278.jpg 1536w\" sizes=\"auto, (max-width: 1600px) 100vw, 1600px\" \/><\/a><\/p>\n<p><a  href=\"https:\/\/letrat.eu\/wp-content\/uploads\/2021\/04\/gjeo-demografikat_e_kosoves4.jpg\" data-rel=\"lightbox-gallery-0\" data-rl_title=\"\" data-rl_caption=\"\" title=\"\"><img loading=\"lazy\" decoding=\"async\" class=\"alignnone wp-image-7212 size-full\" src=\"https:\/\/letrat.eu\/wp-content\/uploads\/2021\/04\/gjeo-demografikat_e_kosoves4.jpg\" alt=\"\" width=\"1600\" height=\"1331\" srcset=\"https:\/\/letrat.eu\/wp-content\/uploads\/2021\/04\/gjeo-demografikat_e_kosoves4.jpg 1600w, https:\/\/letrat.eu\/wp-content\/uploads\/2021\/04\/gjeo-demografikat_e_kosoves4-300x250.jpg 300w, https:\/\/letrat.eu\/wp-content\/uploads\/2021\/04\/gjeo-demografikat_e_kosoves4-1024x852.jpg 1024w, https:\/\/letrat.eu\/wp-content\/uploads\/2021\/04\/gjeo-demografikat_e_kosoves4-768x639.jpg 768w, https:\/\/letrat.eu\/wp-content\/uploads\/2021\/04\/gjeo-demografikat_e_kosoves4-1536x1278.jpg 1536w\" sizes=\"auto, (max-width: 1600px) 100vw, 1600px\" \/><\/a><\/p>\n<p><a  href=\"https:\/\/letrat.eu\/wp-content\/uploads\/2021\/04\/gjeo-demografikat_e_kosoves5.jpg\" data-rel=\"lightbox-gallery-0\" data-rl_title=\"\" data-rl_caption=\"\" title=\"\"><img loading=\"lazy\" decoding=\"async\" class=\"alignnone wp-image-7213 size-full\" src=\"https:\/\/letrat.eu\/wp-content\/uploads\/2021\/04\/gjeo-demografikat_e_kosoves5.jpg\" alt=\"\" width=\"1600\" height=\"1331\" srcset=\"https:\/\/letrat.eu\/wp-content\/uploads\/2021\/04\/gjeo-demografikat_e_kosoves5.jpg 1600w, https:\/\/letrat.eu\/wp-content\/uploads\/2021\/04\/gjeo-demografikat_e_kosoves5-300x250.jpg 300w, https:\/\/letrat.eu\/wp-content\/uploads\/2021\/04\/gjeo-demografikat_e_kosoves5-1024x852.jpg 1024w, https:\/\/letrat.eu\/wp-content\/uploads\/2021\/04\/gjeo-demografikat_e_kosoves5-768x639.jpg 768w, https:\/\/letrat.eu\/wp-content\/uploads\/2021\/04\/gjeo-demografikat_e_kosoves5-1536x1278.jpg 1536w\" sizes=\"auto, (max-width: 1600px) 100vw, 1600px\" \/><\/a><\/p>\n","protected":false},"excerpt":{"rendered":"<p>&#8230;Kosova me numra &#8211; ca foto t\u00eb bukura si dhe gjeo-demografikat e Kosov\u00ebs<\/p>\n","protected":false},"author":1,"featured_media":0,"comment_status":"closed","ping_status":"closed","sticky":false,"template":"","format":"standard","meta":{"footnotes":""},"categories":[24],"tags":[],"class_list":["post-7208","post","type-post","status-publish","format-standard","hentry","category-skyd"],"_links":{"self":[{"href":"https:\/\/letrat.eu\/index.php?rest_route=\/wp\/v2\/posts\/7208","targetHints":{"allow":["GET"]}}],"collection":[{"href":"https:\/\/letrat.eu\/index.php?rest_route=\/wp\/v2\/posts"}],"about":[{"href":"https:\/\/letrat.eu\/index.php?rest_route=\/wp\/v2\/types\/post"}],"author":[{"embeddable":true,"href":"https:\/\/letrat.eu\/index.php?rest_route=\/wp\/v2\/users\/1"}],"replies":[{"embeddable":true,"href":"https:\/\/letrat.eu\/index.php?rest_route=%2Fwp%2Fv2%2Fcomments&post=7208"}],"version-history":[{"count":0,"href":"https:\/\/letrat.eu\/index.php?rest_route=\/wp\/v2\/posts\/7208\/revisions"}],"wp:attachment":[{"href":"https:\/\/letrat.eu\/index.php?rest_route=%2Fwp%2Fv2%2Fmedia&parent=7208"}],"wp:term":[{"taxonomy":"category","embeddable":true,"href":"https:\/\/letrat.eu\/index.php?rest_route=%2Fwp%2Fv2%2Fcategories&post=7208"},{"taxonomy":"post_tag","embeddable":true,"href":"https:\/\/letrat.eu\/index.php?rest_route=%2Fwp%2Fv2%2Ftags&post=7208"}],"curies":[{"name":"wp","href":"https:\/\/api.w.org\/{rel}","templated":true}]}}