{"id":7266,"date":"2021-04-29T00:38:05","date_gmt":"2021-04-28T23:38:05","guid":{"rendered":"https:\/\/letrat.eu\/?p=7266"},"modified":"2024-04-09T09:01:35","modified_gmt":"2024-04-09T08:01:35","slug":"memeci-ne-kerkim-te-bukes-bajate","status":"publish","type":"post","link":"https:\/\/letrat.eu\/?p=7266","title":{"rendered":"Memeci n\u00eb k\u00ebrkim t\u00eb &#8220;buk\u00ebs bajate&#8221;&#8230;"},"content":{"rendered":"<p>[ zgjedhjet, demokracia, politika &#8211; memeci n\u00eb k\u00ebrkim t\u00eb &#8220;buk\u00ebs bajate&#8221;&#8230; ]<br \/>\n<em>sg &#8211; ap, prill 2021 &#8211; koment<\/em><\/p>\n<p>(&#8230;<strong>nj\u00eb memec qe nisur n\u00eb k\u00ebrkim t\u00eb &#8220;buk\u00ebs bajate&#8221; sepse i qe k\u00ebputur shpirti, lagjia e t\u00eb ngratit plot k\u00eblysh\u00ebr endacak\u00eb, i shihte si ngordhnin urie \u00e7do dit\u00eb, i d\u00ebgjonte kuisjet, mjaullimat e varf\u00ebris\u00eb, thirravajet e mjerimit<\/strong>&#8230;)<\/p>\n<p>&#8230;n\u00eb Shqip\u00ebri kaluan zgjedhjet mbar\u00eb e mir\u00eb, sikur u leht\u00ebsuan t\u00eb gjith\u00eb me pjekurin\u00eb e demokracis\u00eb shqiptare, madje dhe Evropa deklaroi se nuk kishte parregullsi serioze p\u00ebr t&#8217;u brengosur, n\u00eb p\u00ebrgjith\u00ebsi procesi i zgjedhjeve qe lavd\u00ebruar p\u00ebr mbar\u00ebvajtje, p\u00ebr organizim t\u00eb mir\u00eb, dhe s&#8217;ka si m\u00eb bukur, natyrisht, &#8220;Urime Shqip\u00ebris\u00eb&#8221; &#8211; sovrani votoi, i ndau &#8220;kokrrat&#8221; e veta, i mati n\u00eb peshoren e v\u00ebrtet\u00ebsis\u00eb me fjal\u00eb e me p\u00ebrralla, me \u00ebndrra e me b\u00ebma, rishtas sikur ishte i &#8220;shtr\u00ebnguar&#8221; t\u00eb zgjedhte me &#8220;2 varianteve&#8221; bajate, asnj\u00ebri perfekt&#8230; asnj\u00eb zgjedhje e p\u00ebrkryer, ja q\u00eb duhet zgjedhur &#8220;nj\u00ebra&#8221;, qofshin dhe &#8220;2 t\u00eb k\u00ebqija&#8221; prej tyre duhet zgjedhur ajo m\u00eb e &#8220;mira&#8221;, sovrani vendosi q\u00eb pak\u00ebz m\u00eb i mir\u00eb t&#8217;na jet\u00eb Ramushi, sovrani \u00ebsht\u00eb zot i vot\u00ebs dhe i shpres\u00ebs (ashtu-k\u00ebshtu demokracia \u00ebsht\u00eb nj\u00ebfar\u00eblloj &#8220;riciklimi i shpres\u00ebs&#8221;), andaj &#8220;Urime Shqip\u00ebris\u00eb, Urime Ramushit&#8221;, kuptohet&#8230; Urime dhe Lulushit (qoft\u00eb p\u00ebr humbjen &#8220;politikisht&#8221;, qoft\u00eb p\u00ebr fitoren e Shqip\u00ebris\u00eb, demokracia ashtu e k\u00ebrkon, apo jo : )<\/p>\n<p>&#8230;gjithsesi, duke qen\u00eb vet\u00eb nj\u00eb &#8220;outsider apolitik&#8221;, duke i d\u00ebgjuar p\u00ebr 20-30 vjet t\u00eb nj\u00ebjtat klishe politike, t\u00eb nj\u00ebjtat pollavra e premtime (kaluan 20 vjet o Raaaamush&#8230; e di se babai yt quhej Kristaq, ndjes\u00eb past\u00eb, e di se p\u00ebr kend &#8220;votonte&#8221; ai, ama padyshim dhe ai do ta thoshte: si nuk ju vjen turp, as &#8220;xhaxhi&#8221; dikur me diktatur\u00ebn e vet s&#8217;pati sunduar m\u00eb gjat\u00eb&#8230; pakashum\u00eb 30-40 vjet, apo jo) duke e par\u00eb q\u00eb rruga e Shqip\u00ebris\u00eb p\u00ebr n\u00eb EU u st\u00ebrzgjat&#8230; ia kaloi dhe &#8220;murit kinez&#8221;, at\u00ebher\u00eb &#8220;urimit&#8221; po ia ngjes dhe anekdot\u00ebn e nj\u00eb memeci, i cili qe nisur n\u00eb k\u00ebrkim t\u00eb &#8220;buk\u00ebs bajate&#8221; sepse i qe k\u00ebputur shpirti, lagjia e t\u00eb ngratit plot k\u00eblysh\u00ebr endacak\u00eb, plot me mace e me qen\u00ebrin\u00eb e pastreh\u00eb, i shihte si ngordhnin urie \u00e7do dit\u00eb, i d\u00ebgjonte kuisjet, mjaullimat e varf\u00ebris\u00eb, thirravajet e mjerimit, zemra e tij thjesht s&#8217;mund ta p\u00ebrballonte&#8230;<\/p>\n<p>***<br \/>\nNj\u00eb memec hyn n\u00eb furr\u00ebn e bukes dhe pyet:<br \/>\n&#8211; Mmmm&#8217;falni a kkkkeennni bbbbuk\u00eb bbbbajat tttttt&#8217;tri dit\u00eb?<br \/>\n&#8211; Jo, ia kthen me keqardhje buk\u00ebpjek\u00ebsi, &#8211; nuk kemi.<br \/>\nDel memeci dhe k\u00ebrkon nj\u00eb tjet\u00ebr furr\u00eb. Pasi e gjen\u00eb pyet p\u00ebrs\u00ebri:<br \/>\n&#8211; Mmmmmm&#8217;falni a kkkennniii bbbbuk\u00eb bbbbbajat ttttt&#8217;tri ddddit\u00eb.<br \/>\n&#8211; M&#8217;vjen keq por nuk kemi &#8211; i thot\u00eb buk\u00ebpjek\u00ebsi.<br \/>\nEc e ec memeci derisa e gjen\u00eb nj\u00eb furr\u00eb t\u00eb tret\u00eb:<br \/>\n&#8211; Mmmmmm&#8217;falni a kkkennniii bbbbuk\u00eb bbbbbajat ttttt&#8217;tri ddddite?<br \/>\n&#8211; Jo, i thot\u00eb buk\u00ebpjek\u00ebsi, nuk kemi.<br \/>\nDhe k\u00ebshtu k\u00ebrkon memeci n\u00eb t\u00eb gjitha furrat e qytetit, dikur i lodhur dhe i m\u00ebrzitur hyn n\u00eb furr\u00ebn e fundit q\u00eb e gjen\u00eb. E njejta pyetje:<br \/>\n&#8211; Mmmmm&#8217; falnnniiii, a kkkkennnniii bbbbukkkk\u00eb bbbbajat tttt&#8217;tri dit\u00eb?<br \/>\n&#8211; Po, i thot\u00eb buk\u00ebpjek\u00ebsi, kemi.<br \/>\nI k\u00ebnaqur dhe i leht\u00ebsuar q\u00eb m\u00eb n\u00eb fund e gjeti at\u00eb q\u00eb k\u00ebrkonte i thot\u00eb buk\u00ebpjek\u00ebsit:<br \/>\n&#8211; Annni ppppsseeee s&#8217;e gjgjgjuuuuuni&#8230; gjynah qqqqente<\/p>\n<p>***<br \/>\n[ <em>shtojc\u00eb, di\u00e7 si p\u00ebrshtypje &#8220;profetike&#8221;, pafaj\u00ebsisht<\/em> : ) ]<br \/>\n&#8230;n\u00ebse aderon Shqip\u00ebria n\u00eb EU sivjet, apo vitin q\u00eb vjen, apo herdokur&#8230; deri n\u00eb v. 2025, assesi s&#8217;duhet pandehur se na ishte &#8220;merit\u00eb&#8221; e politikan\u00ebve, as &#8220;merit\u00eb&#8221; e matrapaz\u00ebve, kot i shesin pollavrat ata, s&#8217;e kuptoj madje as si iu shiten, s&#8217;e kuptoj as kush i blen dokrrat e tyre &#8211; sipas meje Evropa ka filluar ta ndiej\u00eb turpin e &#8220;premtimeve t\u00eb veta&#8221;, sepse qe lajthitur dhe vet\u00eb, siduket Evropa s&#8217;mund ta merrte as me mend se paturp\u00ebsia e politikan\u00ebve shqiptar\u00eb do zgjaste kaq shum\u00eb, me dekada e dekada, andaj siduket ka vendosur q\u00eb aderimi i Shqip\u00ebris\u00eb t\u00eb merr fund nj\u00ebher\u00eb e p\u00ebrgjithmon\u00eb, tani sikur t&#8217;na ishte Shqip\u00ebria dhe cullak&#8230; me cull\u00ebn n\u00eb fush\u00eb e me kas\u00ebn bosh, pa pun\u00eb, pa lek\u00eb e mozomokeq, duke i fryr\u00eb &#8220;kosit&#8221; n\u00eb buz\u00eb t\u00eb anarkis\u00eb a t\u00eb kaosit, Evrop\u00ebs thjesht i ka ardhur n\u00eb maj\u00eb t\u00eb hund\u00ebs (nj\u00ebsoj si n\u00ebnat kur &#8220;lodhen&#8221; me pafaj\u00ebsin\u00eb kalamaj\u00ebve n\u00eb d\u00ebshtimin p\u00ebr ta kuptuar&#8230; dhe e shohin q\u00eb duhet t\u00eb &#8220;l\u00ebshojn\u00eb&#8221; pe), sinqerisht, fitohet pershtypja sikur Evropa thjesht ka vendosur t\u00eb kryhet kjo pun\u00eb, mjaft \u00ebsht\u00eb mjaft &#8211; uroj t&#8217;mos jet\u00eb k\u00ebshtu, qofsha gabim aq sa i r\u00ebnd\u00eb : )<\/p>\n<p><a  href=\"https:\/\/letrat.eu\/wp-content\/uploads\/2021\/04\/memeci-ne-kerkim-te-bukes-bajate_web.jpg\" data-rel=\"lightbox-gallery-0\" data-rl_title=\"\" data-rl_caption=\"\" title=\"\"><img loading=\"lazy\" decoding=\"async\" class=\"alignnone wp-image-7267 zoooom\" src=\"https:\/\/letrat.eu\/wp-content\/uploads\/2021\/04\/memeci-ne-kerkim-te-bukes-bajate_web.jpg\" alt=\"\" width=\"900\" height=\"507\" srcset=\"https:\/\/letrat.eu\/wp-content\/uploads\/2021\/04\/memeci-ne-kerkim-te-bukes-bajate_web.jpg 1600w, https:\/\/letrat.eu\/wp-content\/uploads\/2021\/04\/memeci-ne-kerkim-te-bukes-bajate_web-300x169.jpg 300w, https:\/\/letrat.eu\/wp-content\/uploads\/2021\/04\/memeci-ne-kerkim-te-bukes-bajate_web-1024x577.jpg 1024w, https:\/\/letrat.eu\/wp-content\/uploads\/2021\/04\/memeci-ne-kerkim-te-bukes-bajate_web-768x433.jpg 768w, https:\/\/letrat.eu\/wp-content\/uploads\/2021\/04\/memeci-ne-kerkim-te-bukes-bajate_web-1536x866.jpg 1536w\" sizes=\"auto, (max-width: 900px) 100vw, 900px\" \/><\/a><\/p>\n","protected":false},"excerpt":{"rendered":"<p>[ zgjedhjet, demokracia, politika &#8211; memeci n\u00eb k\u00ebrkim t\u00eb &#8220;buk\u00ebs bajate&#8221;&#8230; ] sg &#8211; ap, prill 2021 &#8211; koment (&#8230;nj\u00eb memec qe nisur n\u00eb k\u00ebrkim t\u00eb &#8220;buk\u00ebs bajate&#8221; sepse i qe k\u00ebputur shpirti, lagjia e t\u00eb ngratit plot k\u00eblysh\u00ebr endacak\u00eb,&hellip; <a href=\"https:\/\/letrat.eu\/?p=7266\" class=\"more-link\">Lexo <span class=\"meta-nav\">&rarr;<\/span><\/a><\/p>\n","protected":false},"author":1,"featured_media":0,"comment_status":"closed","ping_status":"closed","sticky":false,"template":"","format":"standard","meta":{"footnotes":""},"categories":[10],"tags":[],"class_list":["post-7266","post","type-post","status-publish","format-standard","hentry","category-komente"],"_links":{"self":[{"href":"https:\/\/letrat.eu\/index.php?rest_route=\/wp\/v2\/posts\/7266","targetHints":{"allow":["GET"]}}],"collection":[{"href":"https:\/\/letrat.eu\/index.php?rest_route=\/wp\/v2\/posts"}],"about":[{"href":"https:\/\/letrat.eu\/index.php?rest_route=\/wp\/v2\/types\/post"}],"author":[{"embeddable":true,"href":"https:\/\/letrat.eu\/index.php?rest_route=\/wp\/v2\/users\/1"}],"replies":[{"embeddable":true,"href":"https:\/\/letrat.eu\/index.php?rest_route=%2Fwp%2Fv2%2Fcomments&post=7266"}],"version-history":[{"count":0,"href":"https:\/\/letrat.eu\/index.php?rest_route=\/wp\/v2\/posts\/7266\/revisions"}],"wp:attachment":[{"href":"https:\/\/letrat.eu\/index.php?rest_route=%2Fwp%2Fv2%2Fmedia&parent=7266"}],"wp:term":[{"taxonomy":"category","embeddable":true,"href":"https:\/\/letrat.eu\/index.php?rest_route=%2Fwp%2Fv2%2Fcategories&post=7266"},{"taxonomy":"post_tag","embeddable":true,"href":"https:\/\/letrat.eu\/index.php?rest_route=%2Fwp%2Fv2%2Ftags&post=7266"}],"curies":[{"name":"wp","href":"https:\/\/api.w.org\/{rel}","templated":true}]}}