{"id":7286,"date":"2021-05-09T11:56:08","date_gmt":"2021-05-09T10:56:08","guid":{"rendered":"https:\/\/letrat.eu\/?p=7286"},"modified":"2024-04-09T08:59:40","modified_gmt":"2024-04-09T07:59:40","slug":"billie-eilish-i-love-you-2019-extract","status":"publish","type":"post","link":"https:\/\/letrat.eu\/?p=7286","title":{"rendered":"Billie Eilish &#8211; &#8220;I love You&#8221;, 2019 (Extract)"},"content":{"rendered":"<p>Billie Eilish &#8211; &#8220;<strong>I love You<\/strong>&#8220;, 2019 (Extract)<br \/>\n[ <em>Genre: Alternative \/ Indie<\/em> ]<\/p>\n<p>&#8230;k\u00ebng\u00ebtimi m\u00eb i &#8220;\u00e7uditsh\u00ebm&#8221; qe kam d\u00ebgjuar, s&#8217;di t&#8217;kem d\u00ebgjuar ndonj\u00ebher\u00eb k\u00ebshtu, s&#8217;m\u00eb kujtohet ndonje qasje elegjiake kaq &#8220;ult\u00ebsisht&#8230; e qet\u00ebsuar, e fashitur&#8221;, pothuaj sikur dhimbja shpirt\u00ebrore 2-3 sekonda para gjumit, di\u00e7 si d\u00ebnesja e vog\u00eblusheve n\u00eb buz\u00eb t\u00eb gjum\u00ebsis\u00eb &#8211; m\u00eb kujtohet dikur &#8220;qarja&#8221; e Rona Nishliu n\u00eb Eurovision, por k\u00ebng\u00ebtimi i saj at\u00ebbot\u00eb ishte nj\u00eb lloj &#8220;qarje e zhurm\u00ebshme, rr\u00ebnqeth\u00ebse, qarje ngjitur diku n\u00eb maj\u00eb t\u00eb ndonj\u00eb maje&#8221;&#8230;<\/p>\n<div style=\"width: 640px;\" class=\"wp-video\"><video class=\"wp-video-shortcode\" id=\"video-7286-1\" width=\"640\" height=\"360\" preload=\"metadata\" controls=\"controls\"><source type=\"video\/mp4\" src=\"https:\/\/letrat.eu\/wp-content\/uploads\/2021\/05\/billie_e_love_you_2019_extract.mp4?_=1\" \/><a href=\"https:\/\/letrat.eu\/wp-content\/uploads\/2021\/05\/billie_e_love_you_2019_extract.mp4\">https:\/\/letrat.eu\/wp-content\/uploads\/2021\/05\/billie_e_love_you_2019_extract.mp4<\/a><\/video><\/div>\n<p><img loading=\"lazy\" decoding=\"async\" class=\"alignnone size-full wp-image-7288\" src=\"https:\/\/letrat.eu\/wp-content\/uploads\/2021\/05\/billie_eilish_2web.jpg\" alt=\"\" width=\"564\" height=\"1001\" srcset=\"https:\/\/letrat.eu\/wp-content\/uploads\/2021\/05\/billie_eilish_2web.jpg 564w, https:\/\/letrat.eu\/wp-content\/uploads\/2021\/05\/billie_eilish_2web-169x300.jpg 169w\" sizes=\"auto, (max-width: 564px) 100vw, 564px\" \/><\/p>\n","protected":false},"excerpt":{"rendered":"<p>Billie Eilish &#8211; &#8220;I love You&#8220;, 2019 (Extract) [ Genre: Alternative \/ Indie ] &#8230;k\u00ebng\u00ebtimi m\u00eb i &#8220;\u00e7uditsh\u00ebm&#8221; qe kam d\u00ebgjuar, s&#8217;di t&#8217;kem d\u00ebgjuar ndonj\u00ebher\u00eb k\u00ebshtu, s&#8217;m\u00eb kujtohet ndonje qasje elegjiake kaq &#8220;ult\u00ebsisht&#8230; e qet\u00ebsuar, e fashitur&#8221;, pothuaj sikur dhimbja&hellip; <a href=\"https:\/\/letrat.eu\/?p=7286\" class=\"more-link\">Lexo <span class=\"meta-nav\">&rarr;<\/span><\/a><\/p>\n","protected":false},"author":1,"featured_media":0,"comment_status":"closed","ping_status":"closed","sticky":false,"template":"","format":"standard","meta":{"footnotes":""},"categories":[16],"tags":[],"class_list":["post-7286","post","type-post","status-publish","format-standard","hentry","category-multimedia"],"_links":{"self":[{"href":"https:\/\/letrat.eu\/index.php?rest_route=\/wp\/v2\/posts\/7286","targetHints":{"allow":["GET"]}}],"collection":[{"href":"https:\/\/letrat.eu\/index.php?rest_route=\/wp\/v2\/posts"}],"about":[{"href":"https:\/\/letrat.eu\/index.php?rest_route=\/wp\/v2\/types\/post"}],"author":[{"embeddable":true,"href":"https:\/\/letrat.eu\/index.php?rest_route=\/wp\/v2\/users\/1"}],"replies":[{"embeddable":true,"href":"https:\/\/letrat.eu\/index.php?rest_route=%2Fwp%2Fv2%2Fcomments&post=7286"}],"version-history":[{"count":0,"href":"https:\/\/letrat.eu\/index.php?rest_route=\/wp\/v2\/posts\/7286\/revisions"}],"wp:attachment":[{"href":"https:\/\/letrat.eu\/index.php?rest_route=%2Fwp%2Fv2%2Fmedia&parent=7286"}],"wp:term":[{"taxonomy":"category","embeddable":true,"href":"https:\/\/letrat.eu\/index.php?rest_route=%2Fwp%2Fv2%2Fcategories&post=7286"},{"taxonomy":"post_tag","embeddable":true,"href":"https:\/\/letrat.eu\/index.php?rest_route=%2Fwp%2Fv2%2Ftags&post=7286"}],"curies":[{"name":"wp","href":"https:\/\/api.w.org\/{rel}","templated":true}]}}