{"id":748,"date":"2019-09-23T15:14:43","date_gmt":"2019-09-23T15:14:43","guid":{"rendered":"https:\/\/www.letrat.eu\/?p=748"},"modified":"2026-04-09T02:56:34","modified_gmt":"2026-04-09T01:56:34","slug":"lucio-fontana-spatial-concept-waiting-1960","status":"publish","type":"post","link":"https:\/\/letrat.eu\/?p=748","title":{"rendered":"Lucio Fontana &#8211; Koncept Hap\u00ebsinor (n\u00eb Pritje), 1960"},"content":{"rendered":"<p>Lucio Fontana &#8211; <strong>Koncept Hap\u00ebsinor (n\u00eb Pritje)<\/strong>, 1960<\/p>\n<p><a  href=\"https:\/\/letrat.eu\/wp-content\/uploads\/2019\/09\/Lucio-Fontana-Spatial-Concept-Waiting-1960.jpg\" data-rel=\"lightbox-gallery-0\" data-rl_title=\"\" data-rl_caption=\"\" title=\"\"><img loading=\"lazy\" decoding=\"async\" class=\"alignnone wp-image-749 size-full\" src=\"https:\/\/letrat.eu\/wp-content\/uploads\/2019\/09\/Lucio-Fontana-Spatial-Concept-Waiting-1960.jpg\" alt=\"\" width=\"809\" height=\"960\" srcset=\"https:\/\/letrat.eu\/wp-content\/uploads\/2019\/09\/Lucio-Fontana-Spatial-Concept-Waiting-1960.jpg 809w, https:\/\/letrat.eu\/wp-content\/uploads\/2019\/09\/Lucio-Fontana-Spatial-Concept-Waiting-1960-253x300.jpg 253w, https:\/\/letrat.eu\/wp-content\/uploads\/2019\/09\/Lucio-Fontana-Spatial-Concept-Waiting-1960-768x911.jpg 768w\" sizes=\"auto, (max-width: 809px) 100vw, 809px\" \/><\/a><\/p>\n<p>&nbsp;<\/p>\n<p>Lucio Fontana (1899-1968) &#8211; <strong>Koncept Hap\u00ebsinor (n\u00eb Pritje)<\/strong>, 1964<br \/>\n<a  href=\"https:\/\/letrat.eu\/wp-content\/uploads\/2019\/09\/Lucio_Fontana_1899-1968_-_Koncept_Hapesinor_ne_Pritje_1964.jpg\" data-rel=\"lightbox-gallery-0\" data-rl_title=\"\" data-rl_caption=\"\" title=\"\"><img loading=\"lazy\" decoding=\"async\" class=\"alignnone size-full wp-image-9774\" src=\"https:\/\/letrat.eu\/wp-content\/uploads\/2019\/09\/Lucio_Fontana_1899-1968_-_Koncept_Hapesinor_ne_Pritje_1964.jpg\" alt=\"\" width=\"1685\" height=\"2000\" srcset=\"https:\/\/letrat.eu\/wp-content\/uploads\/2019\/09\/Lucio_Fontana_1899-1968_-_Koncept_Hapesinor_ne_Pritje_1964.jpg 1685w, https:\/\/letrat.eu\/wp-content\/uploads\/2019\/09\/Lucio_Fontana_1899-1968_-_Koncept_Hapesinor_ne_Pritje_1964-253x300.jpg 253w, https:\/\/letrat.eu\/wp-content\/uploads\/2019\/09\/Lucio_Fontana_1899-1968_-_Koncept_Hapesinor_ne_Pritje_1964-863x1024.jpg 863w, https:\/\/letrat.eu\/wp-content\/uploads\/2019\/09\/Lucio_Fontana_1899-1968_-_Koncept_Hapesinor_ne_Pritje_1964-768x912.jpg 768w, https:\/\/letrat.eu\/wp-content\/uploads\/2019\/09\/Lucio_Fontana_1899-1968_-_Koncept_Hapesinor_ne_Pritje_1964-1294x1536.jpg 1294w\" sizes=\"auto, (max-width: 1685px) 100vw, 1685px\" \/><\/a><\/p>\n","protected":false},"excerpt":{"rendered":"<p>Lucio Fontana &#8211; Koncept Hap\u00ebsinor (n\u00eb Pritje), 1960 &nbsp; Lucio Fontana (1899-1968) &#8211; Koncept Hap\u00ebsinor (n\u00eb Pritje), 1964<\/p>\n","protected":false},"author":1,"featured_media":0,"comment_status":"closed","ping_status":"closed","sticky":false,"template":"","format":"standard","meta":{"footnotes":""},"categories":[14],"tags":[],"class_list":["post-748","post","type-post","status-publish","format-standard","hentry","category-modern"],"_links":{"self":[{"href":"https:\/\/letrat.eu\/index.php?rest_route=\/wp\/v2\/posts\/748","targetHints":{"allow":["GET"]}}],"collection":[{"href":"https:\/\/letrat.eu\/index.php?rest_route=\/wp\/v2\/posts"}],"about":[{"href":"https:\/\/letrat.eu\/index.php?rest_route=\/wp\/v2\/types\/post"}],"author":[{"embeddable":true,"href":"https:\/\/letrat.eu\/index.php?rest_route=\/wp\/v2\/users\/1"}],"replies":[{"embeddable":true,"href":"https:\/\/letrat.eu\/index.php?rest_route=%2Fwp%2Fv2%2Fcomments&post=748"}],"version-history":[{"count":0,"href":"https:\/\/letrat.eu\/index.php?rest_route=\/wp\/v2\/posts\/748\/revisions"}],"wp:attachment":[{"href":"https:\/\/letrat.eu\/index.php?rest_route=%2Fwp%2Fv2%2Fmedia&parent=748"}],"wp:term":[{"taxonomy":"category","embeddable":true,"href":"https:\/\/letrat.eu\/index.php?rest_route=%2Fwp%2Fv2%2Fcategories&post=748"},{"taxonomy":"post_tag","embeddable":true,"href":"https:\/\/letrat.eu\/index.php?rest_route=%2Fwp%2Fv2%2Ftags&post=748"}],"curies":[{"name":"wp","href":"https:\/\/api.w.org\/{rel}","templated":true}]}}