{"id":8045,"date":"2021-07-09T09:25:38","date_gmt":"2021-07-09T08:25:38","guid":{"rendered":"https:\/\/letrat.eu\/?p=8045"},"modified":"2024-04-09T08:43:31","modified_gmt":"2024-04-09T07:43:31","slug":"fotot-pa-buzeqeshjen-duhet-ndaluar","status":"publish","type":"post","link":"https:\/\/letrat.eu\/?p=8045","title":{"rendered":"Fotot pa buz\u00ebqeshjen duhet ndaluar!"},"content":{"rendered":"<p>[ fotot pa buz\u00ebqeshjen duhet ndaluar ]<br \/>\n&#8230;bukuria e rinis\u00eb, e &#8220;mesjet\u00ebs&#8221;, dhe ajo e pleq\u00ebris\u00eb (gjoja procesi i &#8220;rinimit&#8221; me veglurinat digjitale, me ndihm\u00ebn e imagjinat\u00ebs dhe t\u00eb efekteve) &#8211; mir\u00ebpo sa d\u00ebm&#8230; e paskan harruar buz\u00ebqeshjen, n\u00eb 3 pozat e procesit thuase &#8220;mbret\u00ebron&#8221; pik\u00ebllimi, s&#8217;kuptoj pse duhet b\u00ebr\u00eb foto pa buz\u00ebqeshjen, p\u00ebrve\u00e7 n\u00ebse fjala t&#8217;jet\u00eb p\u00ebr foto t\u00eb burgut, ose p\u00ebr aso fotosh profil-ike shkrepur nga policia, p\u00ebrndryshe fotot pa buz\u00ebqeshjen do duhej ndaluar : )<\/p>\n<p><em>(sg &#8211; ap, q 2021)<\/em><\/p>\n<p><a  href=\"https:\/\/letrat.eu\/wp-content\/uploads\/2021\/07\/fotot-pa-buz\u00ebqeshjen-duhet-ndaluar.jpg\" data-rel=\"lightbox-gallery-0\" data-rl_title=\"\" data-rl_caption=\"\" title=\"\"><img loading=\"lazy\" decoding=\"async\" class=\"alignnone wp-image-8046\" src=\"https:\/\/letrat.eu\/wp-content\/uploads\/2021\/07\/fotot-pa-buz\u00ebqeshjen-duhet-ndaluar.jpg\" alt=\"\" width=\"900\" height=\"529\" srcset=\"https:\/\/letrat.eu\/wp-content\/uploads\/2021\/07\/fotot-pa-buz\u00ebqeshjen-duhet-ndaluar.jpg 1600w, https:\/\/letrat.eu\/wp-content\/uploads\/2021\/07\/fotot-pa-buz\u00ebqeshjen-duhet-ndaluar-300x176.jpg 300w, https:\/\/letrat.eu\/wp-content\/uploads\/2021\/07\/fotot-pa-buz\u00ebqeshjen-duhet-ndaluar-1024x602.jpg 1024w, https:\/\/letrat.eu\/wp-content\/uploads\/2021\/07\/fotot-pa-buz\u00ebqeshjen-duhet-ndaluar-768x451.jpg 768w, https:\/\/letrat.eu\/wp-content\/uploads\/2021\/07\/fotot-pa-buz\u00ebqeshjen-duhet-ndaluar-1536x902.jpg 1536w\" sizes=\"auto, (max-width: 900px) 100vw, 900px\" \/><\/a><\/p>\n","protected":false},"excerpt":{"rendered":"<p>[ fotot pa buz\u00ebqeshjen duhet ndaluar ] &#8230;bukuria e rinis\u00eb, e &#8220;mesjet\u00ebs&#8221;, dhe ajo e pleq\u00ebris\u00eb (gjoja procesi i &#8220;rinimit&#8221; me veglurinat digjitale, me ndihm\u00ebn e imagjinat\u00ebs dhe t\u00eb efekteve) &#8211; mir\u00ebpo sa d\u00ebm&#8230; e paskan harruar buz\u00ebqeshjen, n\u00eb 3&hellip; <a href=\"https:\/\/letrat.eu\/?p=8045\" class=\"more-link\">Lexo <span class=\"meta-nav\">&rarr;<\/span><\/a><\/p>\n","protected":false},"author":1,"featured_media":0,"comment_status":"closed","ping_status":"closed","sticky":false,"template":"","format":"standard","meta":{"footnotes":""},"categories":[15],"tags":[],"class_list":["post-8045","post","type-post","status-publish","format-standard","hentry","category-shenime-shkurt"],"_links":{"self":[{"href":"https:\/\/letrat.eu\/index.php?rest_route=\/wp\/v2\/posts\/8045","targetHints":{"allow":["GET"]}}],"collection":[{"href":"https:\/\/letrat.eu\/index.php?rest_route=\/wp\/v2\/posts"}],"about":[{"href":"https:\/\/letrat.eu\/index.php?rest_route=\/wp\/v2\/types\/post"}],"author":[{"embeddable":true,"href":"https:\/\/letrat.eu\/index.php?rest_route=\/wp\/v2\/users\/1"}],"replies":[{"embeddable":true,"href":"https:\/\/letrat.eu\/index.php?rest_route=%2Fwp%2Fv2%2Fcomments&post=8045"}],"version-history":[{"count":0,"href":"https:\/\/letrat.eu\/index.php?rest_route=\/wp\/v2\/posts\/8045\/revisions"}],"wp:attachment":[{"href":"https:\/\/letrat.eu\/index.php?rest_route=%2Fwp%2Fv2%2Fmedia&parent=8045"}],"wp:term":[{"taxonomy":"category","embeddable":true,"href":"https:\/\/letrat.eu\/index.php?rest_route=%2Fwp%2Fv2%2Fcategories&post=8045"},{"taxonomy":"post_tag","embeddable":true,"href":"https:\/\/letrat.eu\/index.php?rest_route=%2Fwp%2Fv2%2Ftags&post=8045"}],"curies":[{"name":"wp","href":"https:\/\/api.w.org\/{rel}","templated":true}]}}