{"id":8078,"date":"2021-07-09T10:09:29","date_gmt":"2021-07-09T09:09:29","guid":{"rendered":"https:\/\/letrat.eu\/?p=8078"},"modified":"2024-04-09T08:41:31","modified_gmt":"2024-04-09T07:41:31","slug":"per-jeff-in-dita-e-fundit-si-ceo-i-amazon","status":"publish","type":"post","link":"https:\/\/letrat.eu\/?p=8078","title":{"rendered":"P\u00ebr Jeff-in dita e fundit si CEO i Amazon"},"content":{"rendered":"<p>p\u00ebr Jeff-in dita e fundit si CEO (pasaniku m\u00eb i madh i bot\u00ebs&#8230; dhe pa flok\u00eb booo : )<\/p>\n<p>&#8230;m\u00ebsova se sot p\u00ebr Jeff Bezos do jet\u00eb dita e fundit si CEO i Amazon, pas 27 viteve vendin e &#8220;kryeplakut&#8221; do ia l\u00ebshuaka ndokuj tjet\u00ebr, dhe bukur&#8230; i lumt\u00eb p\u00ebr krijimin e perandoris\u00eb tregtare t\u00eb quajtur &#8220;Amazon&#8221; (anise tashm\u00eb s&#8217;\u00ebsht\u00eb vet\u00ebm &#8220;tregtare&#8221;) &#8211; duke qen\u00eb Bezos personi m\u00eb i pasur i planetit sikur po \u00e7uditesha pak\u00ebz, hm&#8230; pa shih nj\u00ebher\u00eb, me qindra miliarda i pasur dhe s&#8217;i ka &#8220;mbjellur&#8221; as flok\u00ebt, as dh\u00ebmb\u00eb t\u00eb florinjt\u00eb, nuk mban as &#8220;piercings&#8221;, as vath\u00eb, as tatuazhe&#8230; asgj\u00eb. thjesht xham &#8211; gj\u00eb q\u00eb s&#8217;mund t\u00eb thuhet, bie fjala p\u00ebr ish-Presidentin Trump, ky i fundit ia pati nisur me kacagjelosjen, me ngrefosjen, me kapardisjen, me krekosjen, me lavd\u00ebrimet, me egotizmin, me mburrjet e me mendjemadh\u00ebsin\u00eb&#8230; q\u00eb me milionin e par\u00eb (madje dhe milionin e par\u00eb siduket e pati fituar me &#8220;ndihm\u00ebn&#8221; e n\u00ebn\u00ebs s\u00eb vet), pa le q\u00eb m\u00eb von\u00eb filloi t&#8217;u vardisej lloj-lloj bukurosheve t\u00eb Miss Universe etj etj &#8211; shkurt, ec e merre vesh, e qart\u00eb se dhe t\u00eb pasurit mund t\u00eb ken\u00eb &#8220;karaktere&#8221; t\u00eb ndryshme, her\u00eb do kemi laryshi fare simplistike e her\u00eb lloj-lloj nuancash kameleonike : )<\/p>\n<p><em>(sg &#8211; ap, k 2021)<\/em><\/p>\n<p><a  href=\"https:\/\/letrat.eu\/wp-content\/uploads\/2021\/07\/dita-e-fundit-si-CEO.jpg\" data-rel=\"lightbox-gallery-0\" data-rl_title=\"\" data-rl_caption=\"\" title=\"\"><img loading=\"lazy\" decoding=\"async\" class=\"alignnone wp-image-8079\" src=\"https:\/\/letrat.eu\/wp-content\/uploads\/2021\/07\/dita-e-fundit-si-CEO.jpg\" alt=\"\" width=\"900\" height=\"675\" srcset=\"https:\/\/letrat.eu\/wp-content\/uploads\/2021\/07\/dita-e-fundit-si-CEO.jpg 1600w, https:\/\/letrat.eu\/wp-content\/uploads\/2021\/07\/dita-e-fundit-si-CEO-300x225.jpg 300w, https:\/\/letrat.eu\/wp-content\/uploads\/2021\/07\/dita-e-fundit-si-CEO-1024x768.jpg 1024w, https:\/\/letrat.eu\/wp-content\/uploads\/2021\/07\/dita-e-fundit-si-CEO-768x576.jpg 768w, https:\/\/letrat.eu\/wp-content\/uploads\/2021\/07\/dita-e-fundit-si-CEO-1536x1152.jpg 1536w\" sizes=\"auto, (max-width: 900px) 100vw, 900px\" \/><\/a><\/p>\n","protected":false},"excerpt":{"rendered":"<p>p\u00ebr Jeff-in dita e fundit si CEO (pasaniku m\u00eb i madh i bot\u00ebs&#8230; dhe pa flok\u00eb booo : ) &#8230;m\u00ebsova se sot p\u00ebr Jeff Bezos do jet\u00eb dita e fundit si CEO i Amazon, pas 27 viteve vendin e &#8220;kryeplakut&#8221;&hellip; <a href=\"https:\/\/letrat.eu\/?p=8078\" class=\"more-link\">Lexo <span class=\"meta-nav\">&rarr;<\/span><\/a><\/p>\n","protected":false},"author":1,"featured_media":0,"comment_status":"closed","ping_status":"closed","sticky":false,"template":"","format":"standard","meta":{"footnotes":""},"categories":[15],"tags":[],"class_list":["post-8078","post","type-post","status-publish","format-standard","hentry","category-shenime-shkurt"],"_links":{"self":[{"href":"https:\/\/letrat.eu\/index.php?rest_route=\/wp\/v2\/posts\/8078","targetHints":{"allow":["GET"]}}],"collection":[{"href":"https:\/\/letrat.eu\/index.php?rest_route=\/wp\/v2\/posts"}],"about":[{"href":"https:\/\/letrat.eu\/index.php?rest_route=\/wp\/v2\/types\/post"}],"author":[{"embeddable":true,"href":"https:\/\/letrat.eu\/index.php?rest_route=\/wp\/v2\/users\/1"}],"replies":[{"embeddable":true,"href":"https:\/\/letrat.eu\/index.php?rest_route=%2Fwp%2Fv2%2Fcomments&post=8078"}],"version-history":[{"count":0,"href":"https:\/\/letrat.eu\/index.php?rest_route=\/wp\/v2\/posts\/8078\/revisions"}],"wp:attachment":[{"href":"https:\/\/letrat.eu\/index.php?rest_route=%2Fwp%2Fv2%2Fmedia&parent=8078"}],"wp:term":[{"taxonomy":"category","embeddable":true,"href":"https:\/\/letrat.eu\/index.php?rest_route=%2Fwp%2Fv2%2Fcategories&post=8078"},{"taxonomy":"post_tag","embeddable":true,"href":"https:\/\/letrat.eu\/index.php?rest_route=%2Fwp%2Fv2%2Ftags&post=8078"}],"curies":[{"name":"wp","href":"https:\/\/api.w.org\/{rel}","templated":true}]}}