{"id":8485,"date":"2021-10-10T00:47:17","date_gmt":"2021-10-09T23:47:17","guid":{"rendered":"https:\/\/letrat.eu\/?p=8485"},"modified":"2024-04-09T08:35:45","modified_gmt":"2024-04-09T07:35:45","slug":"eh-sikur-syte-te-shkrepnin-foto","status":"publish","type":"post","link":"https:\/\/letrat.eu\/?p=8485","title":{"rendered":"Sikur syt\u00eb t\u00eb shkrepnin foto&#8230;"},"content":{"rendered":"<p>[ <em>sguraziu &#8211; ap, shtator 21<\/em> ]<\/p>\n<p>(&#8230;<strong>buz\u00ebqeshja \u00ebsht\u00eb kurba ose lakorja m\u00eb e bukur q\u00eb e rregullon gjith\u00e7ka drejt\u00eb &#8211; nj\u00eb buz\u00ebqeshje, dhe shpesh sikur gjith\u00e7ka vjen n\u00eb vendin e vet<\/strong> : )<\/p>\n<p>\u2026e di se jam fotograf i keq, aq i keq sa ndoshta s&#8217;jam fare &#8220;fotograf&#8221;, imagjino s&#8217;kam madje as kamer\u00eb (p\u00ebrve\u00e7 asaj instaluar n\u00eb iPhone, por as k\u00ebt\u00eb s&#8217;ia dal ta p\u00ebrdor si\u00e7 duhet, anise do jet\u00eb konfiguruar n\u00eb m\u00ebnyr\u00eb optimale nga fabrikuesi, s&#8217;e dyshoj k\u00ebt\u00eb) &#8211; po ashtu e di q\u00eb ka nj\u00eb th\u00ebnie &#8220;I wish my eyes could take photos&#8221; (do doja q\u00eb syt\u00eb t\u00eb shkrepnin foto), nganj\u00ebher\u00eb sikur dhe un\u00eb ndiej &#8220;keqardhje&#8221; q\u00eb e pamundur : )<\/p>\n<p>&#8230;dmth. pajtohem me &#8220;syt\u00eb q\u00eb shkrepin foto&#8221;, ashtu ndoshta vet\u00ebm superman-i, por do ishte super&#8230; do doja t&#8217;kishte nj\u00eb m\u00ebnyr\u00eb p\u00ebr t&#8217;i printuar peizazhet e bukura drejt e nga mendja, e sidomos t&#8217;ishte e mundur t\u2019i printoja buz\u00ebqeshjet e s\u00eb dashur\u00ebs, mund dhe ta keni iden\u00eb sadopak\u2026 derisa ngutem p\u00ebr ta gjetur iPhone gjith\u00e7ka m\u00eb ngat\u00ebrrohet, vonohem dhe thjesht m\u00eb ik\u00ebn ai &#8220;\u00e7asti ky\u00e7&#8221;, nuk ia dal ta kap at\u00eb thelbin, thelb\u00ebsoren e buz\u00ebqeshjes&#8230;<\/p>\n<p>&#8230;fotograf\u00ebt &#8220;pro&#8221; e din\u00eb se buz\u00ebqeshja \u00ebsht\u00eb tipar shum\u00eb i r\u00ebnd\u00ebsish\u00ebm (artistik) facial, psh. pa buz\u00ebqeshjen s&#8217;do ta kaptoni kurr\u00eb foto-portretin m\u00eb t\u00eb mir\u00eb (t\u00eb ndokujt &#8211; mund t&#8217;i shkrepni panum\u00ebr foto, por s&#8217;do e kapni at\u00eb krye-foton), sipas komedianit amerikan Phyllis Diller, buz\u00ebqeshja \u00ebsht\u00eb &#8220;kurba ose lakorja m\u00eb e bukur, e cila e rregullon gjith\u00e7ka drejt\u00eb&#8221; &#8211; s&#8217;ka si mohohet, aq e drejt\u00eb kjo lakorja filozofike e tij, aq e v\u00ebrtet\u00eb : )<\/p>\n<p><a  href=\"https:\/\/letrat.eu\/wp-content\/uploads\/2021\/10\/wish_my_eyes_could_take_photos.jpg\" data-rel=\"lightbox-gallery-0\" data-rl_title=\"\" data-rl_caption=\"\" title=\"\"><img loading=\"lazy\" decoding=\"async\" class=\"alignnone wp-image-8486\" src=\"https:\/\/letrat.eu\/wp-content\/uploads\/2021\/10\/wish_my_eyes_could_take_photos.jpg\" alt=\"\" width=\"900\" height=\"626\" srcset=\"https:\/\/letrat.eu\/wp-content\/uploads\/2021\/10\/wish_my_eyes_could_take_photos.jpg 1400w, https:\/\/letrat.eu\/wp-content\/uploads\/2021\/10\/wish_my_eyes_could_take_photos-300x209.jpg 300w, https:\/\/letrat.eu\/wp-content\/uploads\/2021\/10\/wish_my_eyes_could_take_photos-1024x712.jpg 1024w, https:\/\/letrat.eu\/wp-content\/uploads\/2021\/10\/wish_my_eyes_could_take_photos-768x534.jpg 768w\" sizes=\"auto, (max-width: 900px) 100vw, 900px\" \/><\/a><\/p>\n","protected":false},"excerpt":{"rendered":"<p>[ sguraziu &#8211; ap, shtator 21 ] (&#8230;buz\u00ebqeshja \u00ebsht\u00eb kurba ose lakorja m\u00eb e bukur q\u00eb e rregullon gjith\u00e7ka drejt\u00eb &#8211; nj\u00eb buz\u00ebqeshje, dhe shpesh sikur gjith\u00e7ka vjen n\u00eb vendin e vet : ) \u2026e di se jam fotograf i&hellip; <a href=\"https:\/\/letrat.eu\/?p=8485\" class=\"more-link\">Lexo <span class=\"meta-nav\">&rarr;<\/span><\/a><\/p>\n","protected":false},"author":1,"featured_media":0,"comment_status":"closed","ping_status":"closed","sticky":false,"template":"","format":"standard","meta":{"footnotes":""},"categories":[15],"tags":[],"class_list":["post-8485","post","type-post","status-publish","format-standard","hentry","category-shenime-shkurt"],"_links":{"self":[{"href":"https:\/\/letrat.eu\/index.php?rest_route=\/wp\/v2\/posts\/8485","targetHints":{"allow":["GET"]}}],"collection":[{"href":"https:\/\/letrat.eu\/index.php?rest_route=\/wp\/v2\/posts"}],"about":[{"href":"https:\/\/letrat.eu\/index.php?rest_route=\/wp\/v2\/types\/post"}],"author":[{"embeddable":true,"href":"https:\/\/letrat.eu\/index.php?rest_route=\/wp\/v2\/users\/1"}],"replies":[{"embeddable":true,"href":"https:\/\/letrat.eu\/index.php?rest_route=%2Fwp%2Fv2%2Fcomments&post=8485"}],"version-history":[{"count":0,"href":"https:\/\/letrat.eu\/index.php?rest_route=\/wp\/v2\/posts\/8485\/revisions"}],"wp:attachment":[{"href":"https:\/\/letrat.eu\/index.php?rest_route=%2Fwp%2Fv2%2Fmedia&parent=8485"}],"wp:term":[{"taxonomy":"category","embeddable":true,"href":"https:\/\/letrat.eu\/index.php?rest_route=%2Fwp%2Fv2%2Fcategories&post=8485"},{"taxonomy":"post_tag","embeddable":true,"href":"https:\/\/letrat.eu\/index.php?rest_route=%2Fwp%2Fv2%2Ftags&post=8485"}],"curies":[{"name":"wp","href":"https:\/\/api.w.org\/{rel}","templated":true}]}}