{"id":8495,"date":"2021-10-10T01:05:40","date_gmt":"2021-10-10T00:05:40","guid":{"rendered":"https:\/\/letrat.eu\/?p=8495"},"modified":"2024-04-09T08:35:24","modified_gmt":"2024-04-09T07:35:24","slug":"pablo-neruda-ode-per-faleminderit","status":"publish","type":"post","link":"https:\/\/letrat.eu\/?p=8495","title":{"rendered":"Pablo Neruda &#8211; Ode p\u00ebr Faleminderit"},"content":{"rendered":"<div id=\"attachment_8496\" style=\"width: 310px\" class=\"wp-caption alignright\"><img loading=\"lazy\" decoding=\"async\" aria-describedby=\"caption-attachment-8496\" class=\"size-medium wp-image-8496\" src=\"https:\/\/letrat.eu\/wp-content\/uploads\/2021\/10\/pablo_neruda_3web-300x227.jpg\" alt=\"\" width=\"300\" height=\"227\" srcset=\"https:\/\/letrat.eu\/wp-content\/uploads\/2021\/10\/pablo_neruda_3web-300x227.jpg 300w, https:\/\/letrat.eu\/wp-content\/uploads\/2021\/10\/pablo_neruda_3web-1024x775.jpg 1024w, https:\/\/letrat.eu\/wp-content\/uploads\/2021\/10\/pablo_neruda_3web-768x581.jpg 768w, https:\/\/letrat.eu\/wp-content\/uploads\/2021\/10\/pablo_neruda_3web.jpg 1280w\" sizes=\"auto, (max-width: 300px) 100vw, 300px\" \/><p id=\"caption-attachment-8496\" class=\"wp-caption-text\">Pablo Neruda (1904-1973)<\/p><\/div>\n<p>ODE P\u00cbR &#8216;FALEMINDERIT&#8217;<br \/>\nPablo Neruda [ 1904-1973, poet kilian, \u00e7mimi Nobel p\u00ebr Let\u00ebrsi, 1971 ]<\/p>\n<p>Faleminderit fjal\u00ebs q\u00eb thot\u00eb faleminderit!<br \/>\nFaleminderit faleminderit,<br \/>\nfjal\u00eb<br \/>\nq\u00eb shkrin<br \/>\nbor\u00ebn dhe hekurin!<br \/>\nBota \u00ebsht\u00eb k\u00ebrc\u00ebnuese<br \/>\nderisa<br \/>\nfaleminderit<br \/>\nnis e rrotullohet<br \/>\nnga nj\u00eb pal\u00eb buz\u00ebsh n\u00eb tjetr\u00ebn,<br \/>\ne but\u00eb si pup\u00ebl<br \/>\ne ndritshme,<br \/>\ndhe e \u00ebmb\u00ebl si petale sheqeri,<br \/>\nduke mbushur goj\u00ebn tingullim\u00eb,<br \/>\nose ndryshe e m\u00ebrm\u00ebritur<br \/>\np\u00ebshp\u00ebrim\u00eb.<br \/>\nJeta b\u00ebhet rishtas njer\u00ebzore:<br \/>\ns&#8217;\u00ebsht\u00eb tutje thjesht dritare e hapur.<br \/>\nPak shk\u00eblqim<br \/>\nshp\u00ebrthen brenda pyllnajes<br \/>\ndhe rishtas n\u00ebn gjethet mund t&#8217;k\u00ebndojm\u00eb.<br \/>\nFaleminderit, je ila\u00e7i q\u00eb e marrim<br \/>\np\u00ebr t&#8217;na shp\u00ebtuar<br \/>\nnga kafshimi i p\u00ebrbuzjes.<br \/>\nDrita jote e ndri\u00e7on altarin e ashp\u00ebrsis\u00eb.<br \/>\nApo ndoshta<br \/>\nnj\u00eb qilim t\u00eb njohur<br \/>\nnga popujt e larg\u00ebt.<br \/>\nUdh\u00ebtar\u00ebt<br \/>\nb\u00ebhen pikepes\u00eb<br \/>\nshkret\u00ebtir\u00ebs,<br \/>\ndhe n\u00eb xhungl\u00ebn e t\u00eb huajve,<br \/>\n&#8216;merci&#8217; ting\u00ebllon,<br \/>\nnd\u00ebrkoh\u00eb treni p\u00ebrshpejtuesh\u00ebm<br \/>\ni ndryshon vendet,<br \/>\nduke i fshir\u00eb kufijt\u00eb,<br \/>\npastaj &#8216;spasibo&#8217;<br \/>\nkapet vullkaneve t\u00eb mprehta, zjarrit dhe akullsis\u00eb,<br \/>\nose &#8216;danke&#8217;, po ! dhe &#8216;gracias&#8217;, dhe<br \/>\nbota kthehet n\u00eb nj\u00eb tryez\u00eb:<br \/>\npastruar nga nj\u00eb fjal\u00eb e vetme,<br \/>\npjatat dhe gotat shk\u00eblqejn\u00eb,<br \/>\ntak\u00ebmet tring\u00ebllojn\u00eb<br \/>\ndhe mbulesa sa nj\u00eb fush\u00eb e gjer\u00eb.<br \/>\nFaleminderit, faleminderit,<br \/>\np\u00ebr larg-ikjen dhe p\u00ebr kthimin,<br \/>\np\u00ebr lart-ngritjen dhe p\u00ebr zbritjen.<br \/>\nE dim\u00eb, faleminderit,<br \/>\nq\u00eb s&#8217;e mbush \u00e7dosecil\u00ebn hap\u00ebsir\u00eb &#8211;<br \/>\nje vet\u00ebm nj\u00eb fjal\u00eb &#8211;<br \/>\nmir\u00ebpo<br \/>\naty ku pet\u00eblza<br \/>\njote shfaqet,<br \/>\nthikat e krenaris\u00eb k\u00ebll\u00ebfzohen<br \/>\ndhe buz\u00ebqeshjet falas dhurohen.<\/p>\n<p>&#8211; &#8211; &#8211;<br \/>\n<em><span style=\"color: #999999;\">\u00a9 nga anglishtja: S. Guraziu, Ars Poetica, 2021 (nga origjinali n\u00eb anglisht: Ken Krabbenhoft)<\/span><\/em><\/p>\n","protected":false},"excerpt":{"rendered":"<p>ODE P\u00cbR &#8216;FALEMINDERIT&#8217; Pablo Neruda [ 1904-1973, poet kilian, \u00e7mimi Nobel p\u00ebr Let\u00ebrsi, 1971 ] Faleminderit fjal\u00ebs q\u00eb thot\u00eb faleminderit! Faleminderit faleminderit, fjal\u00eb q\u00eb shkrin bor\u00ebn dhe hekurin! Bota \u00ebsht\u00eb k\u00ebrc\u00ebnuese derisa faleminderit nis e rrotullohet nga nj\u00eb pal\u00eb buz\u00ebsh&hellip; <a href=\"https:\/\/letrat.eu\/?p=8495\" class=\"more-link\">Lexo <span class=\"meta-nav\">&rarr;<\/span><\/a><\/p>\n","protected":false},"author":1,"featured_media":0,"comment_status":"closed","ping_status":"closed","sticky":false,"template":"","format":"standard","meta":{"footnotes":""},"categories":[2],"tags":[],"class_list":["post-8495","post","type-post","status-publish","format-standard","hentry","category-perkthime"],"_links":{"self":[{"href":"https:\/\/letrat.eu\/index.php?rest_route=\/wp\/v2\/posts\/8495","targetHints":{"allow":["GET"]}}],"collection":[{"href":"https:\/\/letrat.eu\/index.php?rest_route=\/wp\/v2\/posts"}],"about":[{"href":"https:\/\/letrat.eu\/index.php?rest_route=\/wp\/v2\/types\/post"}],"author":[{"embeddable":true,"href":"https:\/\/letrat.eu\/index.php?rest_route=\/wp\/v2\/users\/1"}],"replies":[{"embeddable":true,"href":"https:\/\/letrat.eu\/index.php?rest_route=%2Fwp%2Fv2%2Fcomments&post=8495"}],"version-history":[{"count":0,"href":"https:\/\/letrat.eu\/index.php?rest_route=\/wp\/v2\/posts\/8495\/revisions"}],"wp:attachment":[{"href":"https:\/\/letrat.eu\/index.php?rest_route=%2Fwp%2Fv2%2Fmedia&parent=8495"}],"wp:term":[{"taxonomy":"category","embeddable":true,"href":"https:\/\/letrat.eu\/index.php?rest_route=%2Fwp%2Fv2%2Fcategories&post=8495"},{"taxonomy":"post_tag","embeddable":true,"href":"https:\/\/letrat.eu\/index.php?rest_route=%2Fwp%2Fv2%2Ftags&post=8495"}],"curies":[{"name":"wp","href":"https:\/\/api.w.org\/{rel}","templated":true}]}}