{"id":850,"date":"2019-09-23T21:24:21","date_gmt":"2019-09-23T21:24:21","guid":{"rendered":"https:\/\/www.letrat.eu\/?p=850"},"modified":"2024-08-28T19:02:46","modified_gmt":"2024-08-28T18:02:46","slug":"amy-gerstler-ne-pranveren-e-perjetshme","status":"publish","type":"post","link":"https:\/\/letrat.eu\/?p=850","title":{"rendered":"Amy Gerstler &#8211; N\u00eb Pranver\u00ebn e P\u00ebrjetshme"},"content":{"rendered":"<p><img loading=\"lazy\" decoding=\"async\" class=\"alignright size-medium wp-image-851\" src=\"https:\/\/www.letrat.eu\/wp-content\/uploads\/2019\/09\/Amy-Gerstler1-300x174.jpg\" alt=\"\" width=\"300\" height=\"174\" srcset=\"https:\/\/letrat.eu\/wp-content\/uploads\/2019\/09\/Amy-Gerstler1-300x174.jpg 300w, https:\/\/letrat.eu\/wp-content\/uploads\/2019\/09\/Amy-Gerstler1-768x446.jpg 768w, https:\/\/letrat.eu\/wp-content\/uploads\/2019\/09\/Amy-Gerstler1-1024x594.jpg 1024w, https:\/\/letrat.eu\/wp-content\/uploads\/2019\/09\/Amy-Gerstler1.jpg 1080w\" sizes=\"auto, (max-width: 300px) 100vw, 300px\" \/>N\u00cb PRANVER\u00cbN E P\u00cbRJETSHME<br \/>\nAmy Gerstler [ 1956, ShBA ]<\/p>\n<p>Edhe kopshtet jan\u00eb vende t\u00eb mira<br \/>\np\u00ebr pik\u00ebllimin e heshtur. I kalon<br \/>\nshtret\u00ebrit e zambak\u00ebve me gjemba<br \/>\ndhe udh\u00ebton n\u00ebp\u00ebr rr\u00ebnj\u00ebt<br \/>\ne nj\u00eb peme t\u00eb \u00ebmb\u00ebl t\u00eb gom\u00ebs,<br \/>\nn\u00eb k\u00ebrkim t\u00eb bim\u00ebve mesjetare<br \/>\ngjethet e t\u00eb cilave, kur k\u00ebputen<br \/>\ndhe bien n\u00eb tok\u00eb, kthehen n\u00eb zogj,<br \/>\ndhe n\u00eb peshq me ngjyra<br \/>\nn\u00ebse zhyten n\u00eb uj\u00eb.<\/p>\n<p>Papritmas d\u00ebshira arketipale<br \/>\ne njeriut p\u00ebr paqe me t\u00eb gjitha<br \/>\nspeciet tjera t\u00eb pushton.<br \/>\nLuani dhe Qengji p\u00ebrqafohen.<br \/>\nGjarp\u00ebri dhe K\u00ebrmilli, puthen.<br \/>\nMadje dhe gjembat e gjemba\u00e7es,<br \/>\nmbret\u00ebresh\u00ebs s\u00eb bar\u00ebrave t\u00eb k\u00ebqija,<br \/>\ne ngjallin besimin tuaj t\u00eb fsheht\u00eb<br \/>\nn\u00eb pranver\u00ebn e p\u00ebrjetshme,<br \/>\nbesimin tuaj se p\u00ebr \u00e7do l\u00ebndim<br \/>\nka nj\u00eb gjeth p\u00ebr ta kuruar at\u00eb.<\/p>\n<p>&#8211; &#8211; &#8211;<br \/>\n<em>\u00a9 Amy Gerstler, 1990 &#8211; Burimi: Bitter Angel: Poems (1990) &#8211; via Poetry Foundation, ShBA<\/em><br \/>\n<em>\u00a9 p\u00ebr p\u00ebrkthimin: S. Guraziu &#8211; Ars Poetica, 2018<\/em><\/p>\n<p>&nbsp;<\/p>\n","protected":false},"excerpt":{"rendered":"<p>N\u00cb PRANVER\u00cbN E P\u00cbRJETSHME Amy Gerstler [ 1956, ShBA ] Edhe kopshtet jan\u00eb vende t\u00eb mira p\u00ebr pik\u00ebllimin e heshtur. I kalon shtret\u00ebrit e zambak\u00ebve me gjemba dhe udh\u00ebton n\u00ebp\u00ebr rr\u00ebnj\u00ebt e nj\u00eb peme t\u00eb \u00ebmb\u00ebl t\u00eb gom\u00ebs, n\u00eb k\u00ebrkim&hellip; <a href=\"https:\/\/letrat.eu\/?p=850\" class=\"more-link\">Lexo <span class=\"meta-nav\">&rarr;<\/span><\/a><\/p>\n","protected":false},"author":1,"featured_media":0,"comment_status":"closed","ping_status":"closed","sticky":false,"template":"","format":"standard","meta":{"footnotes":""},"categories":[2],"tags":[],"class_list":["post-850","post","type-post","status-publish","format-standard","hentry","category-perkthime"],"_links":{"self":[{"href":"https:\/\/letrat.eu\/index.php?rest_route=\/wp\/v2\/posts\/850","targetHints":{"allow":["GET"]}}],"collection":[{"href":"https:\/\/letrat.eu\/index.php?rest_route=\/wp\/v2\/posts"}],"about":[{"href":"https:\/\/letrat.eu\/index.php?rest_route=\/wp\/v2\/types\/post"}],"author":[{"embeddable":true,"href":"https:\/\/letrat.eu\/index.php?rest_route=\/wp\/v2\/users\/1"}],"replies":[{"embeddable":true,"href":"https:\/\/letrat.eu\/index.php?rest_route=%2Fwp%2Fv2%2Fcomments&post=850"}],"version-history":[{"count":0,"href":"https:\/\/letrat.eu\/index.php?rest_route=\/wp\/v2\/posts\/850\/revisions"}],"wp:attachment":[{"href":"https:\/\/letrat.eu\/index.php?rest_route=%2Fwp%2Fv2%2Fmedia&parent=850"}],"wp:term":[{"taxonomy":"category","embeddable":true,"href":"https:\/\/letrat.eu\/index.php?rest_route=%2Fwp%2Fv2%2Fcategories&post=850"},{"taxonomy":"post_tag","embeddable":true,"href":"https:\/\/letrat.eu\/index.php?rest_route=%2Fwp%2Fv2%2Ftags&post=850"}],"curies":[{"name":"wp","href":"https:\/\/api.w.org\/{rel}","templated":true}]}}