{"id":8852,"date":"2021-11-07T19:06:56","date_gmt":"2021-11-07T18:06:56","guid":{"rendered":"https:\/\/letrat.eu\/?p=8852"},"modified":"2024-04-09T08:28:49","modified_gmt":"2024-04-09T07:28:49","slug":"gjuhet-e-pakicave-ne-itali-harte","status":"publish","type":"post","link":"https:\/\/letrat.eu\/?p=8852","title":{"rendered":"Gjuh\u00ebt e pakicave n\u00eb Itali (Hart\u00eb)"},"content":{"rendered":"<p><em>(sguraziu &#8211; ap, n 21 &#8211; koment)<\/em><br \/>\n&#8230;\u00ebsht\u00eb mjaft interesante si &#8220;detaj&#8221; se n\u00eb Italin\u00eb e sotme ndoshta s&#8217;ka m\u00eb shum\u00eb gjerman\u00eb sesa shqiptar\u00eb (anise nuk e di sakt\u00eb sa jan\u00eb, p\u00ebr asnj\u00ebr\u00ebn pal\u00eb, dmth. me shifra e statistika, por thjesht bazuar n\u00eb detajet e &#8220;hartografis\u00eb&#8221;), e dim\u00eb se n\u00eb Jug-Itali ka sa t\u00eb duash shqiptar\u00eb, e dim\u00eb se si pati rrjedhur historia &#8220;sk\u00ebnderbegiane&#8221;&#8230; e dim\u00eb p\u00ebr shp\u00ebrnguljet e p\u00ebr vazhdimet, por megjithat\u00eb, imagjino arb\u00ebresh\u00ebt me shekuj e shekuj duke i rezistuar &#8220;t\u00ebhuajsimit, presionit kulturologjik, asimilimit total&#8221;, bravo Arb\u00ebreshve e ARB\u00cbNOR\u00cbVE kahdo q\u00eb t&#8217;jen\u00eb n\u00ebp\u00ebr bot\u00eb, p\u00ebr ruajtjen e gjuh\u00ebs, t\u00eb traditave dhe p\u00ebr gjith\u00e7ka&#8230;<\/p>\n<p>&#8230;dihet se mes shqiptar\u00ebve dhe italian\u00ebve s&#8217;ka patur kurr\u00eb ndonj\u00eb ngrehin\u00eb politike &#8220;vullnetare&#8221; : ) bie fjala s&#8217;ka patur ndonj\u00eb &#8220;sacrum romanum imperium&#8221; q\u00eb t\u00eb zgjaste s\u00ebpaku p\u00ebr nja 10 shekuj, historia evropiane na servir lloj-lloj shembujsh, psh. duke u bashkuar kurorat mbret\u00ebrore Franko-Italiane (q\u00eb i bie &#8220;bashkim&#8221; i Mbret\u00ebris\u00eb s\u00eb Italis\u00eb me at\u00eb t\u00eb Francis\u00eb &#8211; e q\u00eb m\u00eb von\u00eb do ishte Mbret\u00ebri e Gjermanis\u00eb) historia na thot\u00eb q\u00eb italian\u00ebt e gjerman\u00ebt pat\u00ebn qen\u00eb &#8220;BASHK\u00cb&#8221;, n\u00ebn nj\u00eb kulm politik e kulturor p\u00ebr s\u00ebpaku 1 mij\u00ebvje\u00e7ar, bashkim madje i &#8220;shenjte&#8221; &#8211; okidoki, tashm\u00eb imagjino pak\u00ebz sikur italian\u00ebt t&#8217;na ishin b\u00ebr\u00eb &#8220;bashk\u00eb&#8221; me shqiptar\u00ebt p\u00ebr nja 10 shekuj t\u00eb gjat\u00eb, imagjino t&#8217;na kishte zgjatur di\u00e7 si perandori Alba-Italiane, apo Italo-Albaniane (kjo nj\u00ebsoj, meq\u00eb imagjinare&#8230; rrotulloje si t\u00eb duash), sikur po thosha ehuuuu, n\u00ebse ashtu at\u00ebhere padyshim sot gjysma e Italis\u00eb do njihej si &#8220;Alba-Itali&#8221;, garant SHQIPJA sot do na ishte gjuha e 2-t\u00eb zyrtare e Italis\u00eb, tekefundit imagjinata jon\u00eb sot do ishte e &#8220;sakt\u00eb&#8221; nga Roma e tutje posht\u00eb deeeeeri me Sicilin\u00eb komplet : )<\/p>\n<p><a  href=\"https:\/\/letrat.eu\/wp-content\/uploads\/2021\/11\/gjuhet_e_pakicave_ne_itali_opt.jpg\" data-rel=\"lightbox-gallery-0\" data-rl_title=\"\" data-rl_caption=\"\" title=\"\"><img loading=\"lazy\" decoding=\"async\" class=\"alignnone wp-image-8853\" src=\"https:\/\/letrat.eu\/wp-content\/uploads\/2021\/11\/gjuhet_e_pakicave_ne_itali_opt.jpg\" alt=\"\" width=\"900\" height=\"675\" srcset=\"https:\/\/letrat.eu\/wp-content\/uploads\/2021\/11\/gjuhet_e_pakicave_ne_itali_opt.jpg 1600w, https:\/\/letrat.eu\/wp-content\/uploads\/2021\/11\/gjuhet_e_pakicave_ne_itali_opt-300x225.jpg 300w, https:\/\/letrat.eu\/wp-content\/uploads\/2021\/11\/gjuhet_e_pakicave_ne_itali_opt-1024x768.jpg 1024w, https:\/\/letrat.eu\/wp-content\/uploads\/2021\/11\/gjuhet_e_pakicave_ne_itali_opt-768x576.jpg 768w, https:\/\/letrat.eu\/wp-content\/uploads\/2021\/11\/gjuhet_e_pakicave_ne_itali_opt-1536x1152.jpg 1536w\" sizes=\"auto, (max-width: 900px) 100vw, 900px\" \/><\/a><\/p>\n","protected":false},"excerpt":{"rendered":"<p>(sguraziu &#8211; ap, n 21 &#8211; koment) &#8230;\u00ebsht\u00eb mjaft interesante si &#8220;detaj&#8221; se n\u00eb Italin\u00eb e sotme ndoshta s&#8217;ka m\u00eb shum\u00eb gjerman\u00eb sesa shqiptar\u00eb (anise nuk e di sakt\u00eb sa jan\u00eb, p\u00ebr asnj\u00ebr\u00ebn pal\u00eb, dmth. me shifra e statistika, por&hellip; <a href=\"https:\/\/letrat.eu\/?p=8852\" class=\"more-link\">Lexo <span class=\"meta-nav\">&rarr;<\/span><\/a><\/p>\n","protected":false},"author":1,"featured_media":0,"comment_status":"closed","ping_status":"closed","sticky":false,"template":"","format":"standard","meta":{"footnotes":""},"categories":[16],"tags":[],"class_list":["post-8852","post","type-post","status-publish","format-standard","hentry","category-multimedia"],"_links":{"self":[{"href":"https:\/\/letrat.eu\/index.php?rest_route=\/wp\/v2\/posts\/8852","targetHints":{"allow":["GET"]}}],"collection":[{"href":"https:\/\/letrat.eu\/index.php?rest_route=\/wp\/v2\/posts"}],"about":[{"href":"https:\/\/letrat.eu\/index.php?rest_route=\/wp\/v2\/types\/post"}],"author":[{"embeddable":true,"href":"https:\/\/letrat.eu\/index.php?rest_route=\/wp\/v2\/users\/1"}],"replies":[{"embeddable":true,"href":"https:\/\/letrat.eu\/index.php?rest_route=%2Fwp%2Fv2%2Fcomments&post=8852"}],"version-history":[{"count":0,"href":"https:\/\/letrat.eu\/index.php?rest_route=\/wp\/v2\/posts\/8852\/revisions"}],"wp:attachment":[{"href":"https:\/\/letrat.eu\/index.php?rest_route=%2Fwp%2Fv2%2Fmedia&parent=8852"}],"wp:term":[{"taxonomy":"category","embeddable":true,"href":"https:\/\/letrat.eu\/index.php?rest_route=%2Fwp%2Fv2%2Fcategories&post=8852"},{"taxonomy":"post_tag","embeddable":true,"href":"https:\/\/letrat.eu\/index.php?rest_route=%2Fwp%2Fv2%2Ftags&post=8852"}],"curies":[{"name":"wp","href":"https:\/\/api.w.org\/{rel}","templated":true}]}}