{"id":9563,"date":"2021-11-26T18:14:38","date_gmt":"2021-11-26T17:14:38","guid":{"rendered":"https:\/\/letrat.eu\/?p=9563"},"modified":"2024-04-09T08:25:37","modified_gmt":"2024-04-09T07:25:37","slug":"mona-liza-mediatike-qenka-strehuar-ne-itali","status":"publish","type":"post","link":"https:\/\/letrat.eu\/?p=9563","title":{"rendered":"&#8220;Mona Liza Mediatike&#8221; qenka strehuar n\u00eb Itali"},"content":{"rendered":"<p><em>(sg -ap, 26 n 2021)<\/em><\/p>\n<p>(Sharbat Gula, &#8220;vajza&#8221; afgane) &#8211; nga lajmet m\u00ebsova se Sharbat Gula paska mb\u00ebrritur n\u00eb Itali&#8230;<\/p>\n<p>***<br \/>\n\/&#8230;Sharbat Gula ishte 12 vje\u00e7 kur qe fotografuar nga Steve McCurry n\u00eb nj\u00eb kamp refugjat\u00ebsh n\u00eb Pakistan. Fotoja qe shkrepur n\u00eb v. 1984, nj\u00eb vit m\u00eb von\u00eb u shfaq n\u00eb ballin\u00ebn e National Geographic dhe syt\u00eb e Gulas\u00eb e mahnit\u00ebn bot\u00ebn me gjelb\u00ebrsin\u00eb e brisht\u00ebsis\u00eb shpirt\u00ebrore.<br \/>\nVajza me sy t\u00eb gjelb\u00ebr thjesht u b\u00eb simbol universal i refugjat\u00ebve, i trazirave politike e sociale nga rajoni i trazuar. Fotoja \u00ebsht\u00eb p\u00ebrdorur gjithandej, aq gjer\u00ebsisht, ndoshta s\u2019ka sy t\u00eb k\u00ebsaj bote q\u00eb nuk e kan\u00eb par\u00eb. Mediatik\u00ebt thon\u00eb se fytyra e Sharbat Gula u b\u00eb nj\u00eb nga fytyrat m\u00eb t\u00eb famshme, m\u00eb t\u00eb njohura t\u00eb &#8220;individ\u00ebve t\u00eb panjohur&#8221; t\u00eb shekullit XX.<br \/>\nGjith\u00e7ka e impresionit rreth &#8220;vajz\u00ebs sygjelb\u00ebr&#8221; e pati shtyr\u00eb fotografin McCurry ta gjente znj. Gula n\u00eb v. 2002, pati hequr p\u00ebr ta gjetur mir\u00ebpo e pati gjetur, dhe p\u00ebrs\u00ebri e pati shkrepur &#8220;portretin&#8221; e saj. Sipas meje lirisht mund t\u00eb quhet &#8220;Mona Liza Mediatike&#8221; e bashk\u00ebkoh\u00ebsis\u00eb, asnj\u00eb pal\u00eb sy t\u00eb koh\u00ebve moderne s&#8217;e kan\u00eb g\u00ebzuar statusin spontan t\u00eb &#8220;fam\u00ebs&#8221; si syt\u00eb e saj, ndoshta asnj\u00eb pal\u00eb sy s&#8217;u kan\u00eb &#8220;folur&#8221; shpirtrave t\u00eb k\u00ebsaj bote si syt\u00eb e gjelb\u00ebr t\u00eb Sharbat Gula&#8230;\/<\/p>\n<p>[ <span style=\"color: #999999;\"><em>Syt\u00eb si &#8220;dritare t\u00eb shpirtit&#8221;, dhe shpirti si &#8220;dritare&#8221; e qenies! &#8211; S. Guraziu \u2013 Ars Poetica, N 2018<\/em><\/span> ]<\/p>\n<div id=\"attachment_163\" style=\"width: 910px\" class=\"wp-caption alignnone\"><a  href=\"https:\/\/letrat.eu\/wp-content\/uploads\/2018\/12\/sharbat_gula_web1.jpg\" data-rel=\"lightbox-gallery-0\" data-rl_title=\"\" data-rl_caption=\"\" title=\"\"><img loading=\"lazy\" decoding=\"async\" aria-describedby=\"caption-attachment-163\" class=\"wp-image-163 zoooom\" src=\"https:\/\/letrat.eu\/wp-content\/uploads\/2018\/12\/sharbat_gula_web1.jpg\" alt=\"\" width=\"900\" height=\"439\" srcset=\"https:\/\/letrat.eu\/wp-content\/uploads\/2018\/12\/sharbat_gula_web1.jpg 1704w, https:\/\/letrat.eu\/wp-content\/uploads\/2018\/12\/sharbat_gula_web1-300x146.jpg 300w, https:\/\/letrat.eu\/wp-content\/uploads\/2018\/12\/sharbat_gula_web1-768x375.jpg 768w, https:\/\/letrat.eu\/wp-content\/uploads\/2018\/12\/sharbat_gula_web1-1024x499.jpg 1024w\" sizes=\"auto, (max-width: 900px) 100vw, 900px\" \/><\/a><p id=\"caption-attachment-163\" class=\"wp-caption-text\">Fotot: Steve McCurry &#8211; Sharbat Gula, 1984 dhe 2002 &#8211; National Geographic<\/p><\/div>\n","protected":false},"excerpt":{"rendered":"<p>(sg -ap, 26 n 2021) (Sharbat Gula, &#8220;vajza&#8221; afgane) &#8211; nga lajmet m\u00ebsova se Sharbat Gula paska mb\u00ebrritur n\u00eb Itali&#8230; *** \/&#8230;Sharbat Gula ishte 12 vje\u00e7 kur qe fotografuar nga Steve McCurry n\u00eb nj\u00eb kamp refugjat\u00ebsh n\u00eb Pakistan. Fotoja qe&hellip; <a href=\"https:\/\/letrat.eu\/?p=9563\" class=\"more-link\">Lexo <span class=\"meta-nav\">&rarr;<\/span><\/a><\/p>\n","protected":false},"author":1,"featured_media":0,"comment_status":"closed","ping_status":"closed","sticky":false,"template":"","format":"standard","meta":{"footnotes":""},"categories":[15],"tags":[],"class_list":["post-9563","post","type-post","status-publish","format-standard","hentry","category-shenime-shkurt"],"_links":{"self":[{"href":"https:\/\/letrat.eu\/index.php?rest_route=\/wp\/v2\/posts\/9563","targetHints":{"allow":["GET"]}}],"collection":[{"href":"https:\/\/letrat.eu\/index.php?rest_route=\/wp\/v2\/posts"}],"about":[{"href":"https:\/\/letrat.eu\/index.php?rest_route=\/wp\/v2\/types\/post"}],"author":[{"embeddable":true,"href":"https:\/\/letrat.eu\/index.php?rest_route=\/wp\/v2\/users\/1"}],"replies":[{"embeddable":true,"href":"https:\/\/letrat.eu\/index.php?rest_route=%2Fwp%2Fv2%2Fcomments&post=9563"}],"version-history":[{"count":0,"href":"https:\/\/letrat.eu\/index.php?rest_route=\/wp\/v2\/posts\/9563\/revisions"}],"wp:attachment":[{"href":"https:\/\/letrat.eu\/index.php?rest_route=%2Fwp%2Fv2%2Fmedia&parent=9563"}],"wp:term":[{"taxonomy":"category","embeddable":true,"href":"https:\/\/letrat.eu\/index.php?rest_route=%2Fwp%2Fv2%2Fcategories&post=9563"},{"taxonomy":"post_tag","embeddable":true,"href":"https:\/\/letrat.eu\/index.php?rest_route=%2Fwp%2Fv2%2Ftags&post=9563"}],"curies":[{"name":"wp","href":"https:\/\/api.w.org\/{rel}","templated":true}]}}