{"id":9572,"date":"2021-12-08T08:55:57","date_gmt":"2021-12-08T07:55:57","guid":{"rendered":"https:\/\/letrat.eu\/?p=9572"},"modified":"2024-04-09T08:24:23","modified_gmt":"2024-04-09T07:24:23","slug":"policia-e-kosoves-policia-me-krenare-e-botes","status":"publish","type":"post","link":"https:\/\/letrat.eu\/?p=9572","title":{"rendered":"Policia e Kosov\u00ebs, policia m\u00eb krenare e bot\u00ebs&#8230;"},"content":{"rendered":"<p>&#8230;qoft\u00eb ushtria qoft\u00eb forcat e policis\u00eb, s&#8217;besoj se forcat e krenaris\u00eb kosovare t&#8217;ken\u00eb patur ndonj\u00eb fotograf m\u00eb t\u00eb mir\u00eb se Suel Ahmeti, tekefundit k\u00ebshtu &#8220;gjykoj&#8221; un\u00eb, dhe &#8220;gjykimi im&#8221; vlen s\u00ebpaku p\u00ebr dekad\u00ebn e fundit 2010-2020, po ashtu kuptohet dmth. thjesht me aq sa di un\u00eb : ) &#8211; andaj k\u00ebsaj radhe (p\u00ebr nder t\u00eb Suelit) di\u00e7 si foto-kolazh me ca nga fotot e tij&#8230;<br \/>\n[ Forcat Speciale &#8211; NJSI (Nj\u00ebsia Speciale Intervenuese) \/ Special Forces &#8211; SIU (Kosovo Special Intervention Unit)<\/p>\n<p><em>(sg &#8211; ap, n 2021)<\/em><\/p>\n<p><a  href=\"https:\/\/letrat.eu\/wp-content\/uploads\/2021\/12\/policia_e_kosoves_foto-kolazh.jpg\" data-rel=\"lightbox-gallery-0\" data-rl_title=\"\" data-rl_caption=\"\" title=\"\"><img loading=\"lazy\" decoding=\"async\" class=\"alignnone wp-image-9573 zoooom\" src=\"https:\/\/letrat.eu\/wp-content\/uploads\/2021\/12\/policia_e_kosoves_foto-kolazh.jpg\" alt=\"\" width=\"900\" height=\"622\" srcset=\"https:\/\/letrat.eu\/wp-content\/uploads\/2021\/12\/policia_e_kosoves_foto-kolazh.jpg 1600w, https:\/\/letrat.eu\/wp-content\/uploads\/2021\/12\/policia_e_kosoves_foto-kolazh-300x207.jpg 300w, https:\/\/letrat.eu\/wp-content\/uploads\/2021\/12\/policia_e_kosoves_foto-kolazh-1024x708.jpg 1024w, https:\/\/letrat.eu\/wp-content\/uploads\/2021\/12\/policia_e_kosoves_foto-kolazh-768x531.jpg 768w, https:\/\/letrat.eu\/wp-content\/uploads\/2021\/12\/policia_e_kosoves_foto-kolazh-1536x1062.jpg 1536w\" sizes=\"auto, (max-width: 900px) 100vw, 900px\" \/><\/a><\/p>\n","protected":false},"excerpt":{"rendered":"<p>&#8230;qoft\u00eb ushtria qoft\u00eb forcat e policis\u00eb, s&#8217;besoj se forcat e krenaris\u00eb kosovare t&#8217;ken\u00eb patur ndonj\u00eb fotograf m\u00eb t\u00eb mir\u00eb se Suel Ahmeti, tekefundit k\u00ebshtu &#8220;gjykoj&#8221; un\u00eb, dhe &#8220;gjykimi im&#8221; vlen s\u00ebpaku p\u00ebr dekad\u00ebn e fundit 2010-2020, po ashtu kuptohet dmth.&hellip; <a href=\"https:\/\/letrat.eu\/?p=9572\" class=\"more-link\">Lexo <span class=\"meta-nav\">&rarr;<\/span><\/a><\/p>\n","protected":false},"author":1,"featured_media":0,"comment_status":"closed","ping_status":"closed","sticky":false,"template":"","format":"standard","meta":{"footnotes":""},"categories":[16],"tags":[],"class_list":["post-9572","post","type-post","status-publish","format-standard","hentry","category-multimedia"],"_links":{"self":[{"href":"https:\/\/letrat.eu\/index.php?rest_route=\/wp\/v2\/posts\/9572","targetHints":{"allow":["GET"]}}],"collection":[{"href":"https:\/\/letrat.eu\/index.php?rest_route=\/wp\/v2\/posts"}],"about":[{"href":"https:\/\/letrat.eu\/index.php?rest_route=\/wp\/v2\/types\/post"}],"author":[{"embeddable":true,"href":"https:\/\/letrat.eu\/index.php?rest_route=\/wp\/v2\/users\/1"}],"replies":[{"embeddable":true,"href":"https:\/\/letrat.eu\/index.php?rest_route=%2Fwp%2Fv2%2Fcomments&post=9572"}],"version-history":[{"count":0,"href":"https:\/\/letrat.eu\/index.php?rest_route=\/wp\/v2\/posts\/9572\/revisions"}],"wp:attachment":[{"href":"https:\/\/letrat.eu\/index.php?rest_route=%2Fwp%2Fv2%2Fmedia&parent=9572"}],"wp:term":[{"taxonomy":"category","embeddable":true,"href":"https:\/\/letrat.eu\/index.php?rest_route=%2Fwp%2Fv2%2Fcategories&post=9572"},{"taxonomy":"post_tag","embeddable":true,"href":"https:\/\/letrat.eu\/index.php?rest_route=%2Fwp%2Fv2%2Ftags&post=9572"}],"curies":[{"name":"wp","href":"https:\/\/api.w.org\/{rel}","templated":true}]}}