{"id":9580,"date":"2021-12-08T09:13:40","date_gmt":"2021-12-08T08:13:40","guid":{"rendered":"https:\/\/letrat.eu\/?p=9580"},"modified":"2024-04-09T08:23:57","modified_gmt":"2024-04-09T07:23:57","slug":"dimri-na-ben-ta-cmojme-pranveren-me-shume","status":"publish","type":"post","link":"https:\/\/letrat.eu\/?p=9580","title":{"rendered":"Dimri na b\u00ebn ta \u00e7mojm\u00eb pranver\u00ebn me shum\u00eb!"},"content":{"rendered":"<p>&#8230;s&#8217;di pse m\u00eb ipet t&#8217;i postoj lulet, fotot me diell, kur ne fakt krahasuar me realitetin s&#8217;eshte &#8220;realistike&#8221;, psh. me jave kemi vetem shi, mjegull, ftohtesi, zymtesi, moti perjashta s&#8217;eshte dhe aq per lakmi &#8211; nje shkrimtare pati shkruar ne nje vend &#8220;dimri eshte i mire&#8230; sepse tekefundit na ben qe ta \u00e7mojme pranveren me shume&#8221;, them se mjaft e sakte kjo si thenie, anise dhe dimri, natyrisht i ka ato joshjet e veta, bie fjala s&#8217;ka si i thote njeriu &#8220;jo&#8221; skijimit, aventurave te bjeshkeve, Alpeve, Tirolit, Brezovices etj etj : )<br \/>\n<em>sg &#8211; ap, n 2021<\/em><\/p>\n<p><a  href=\"https:\/\/letrat.eu\/wp-content\/uploads\/2021\/12\/dimri_na_ben_ta_cmojme_pranveren_me_shume_opt.jpg\" data-rel=\"lightbox-gallery-0\" data-rl_title=\"\" data-rl_caption=\"\" title=\"\"><img loading=\"lazy\" decoding=\"async\" class=\"alignnone wp-image-9581 zoooom\" src=\"https:\/\/letrat.eu\/wp-content\/uploads\/2021\/12\/dimri_na_ben_ta_cmojme_pranveren_me_shume_opt.jpg\" alt=\"\" width=\"900\" height=\"563\" srcset=\"https:\/\/letrat.eu\/wp-content\/uploads\/2021\/12\/dimri_na_ben_ta_cmojme_pranveren_me_shume_opt.jpg 1920w, https:\/\/letrat.eu\/wp-content\/uploads\/2021\/12\/dimri_na_ben_ta_cmojme_pranveren_me_shume_opt-300x188.jpg 300w, https:\/\/letrat.eu\/wp-content\/uploads\/2021\/12\/dimri_na_ben_ta_cmojme_pranveren_me_shume_opt-1024x640.jpg 1024w, https:\/\/letrat.eu\/wp-content\/uploads\/2021\/12\/dimri_na_ben_ta_cmojme_pranveren_me_shume_opt-768x480.jpg 768w, https:\/\/letrat.eu\/wp-content\/uploads\/2021\/12\/dimri_na_ben_ta_cmojme_pranveren_me_shume_opt-1536x960.jpg 1536w\" sizes=\"auto, (max-width: 900px) 100vw, 900px\" \/><\/a><\/p>\n","protected":false},"excerpt":{"rendered":"<p>&#8230;s&#8217;di pse m\u00eb ipet t&#8217;i postoj lulet, fotot me diell, kur ne fakt krahasuar me realitetin s&#8217;eshte &#8220;realistike&#8221;, psh. me jave kemi vetem shi, mjegull, ftohtesi, zymtesi, moti perjashta s&#8217;eshte dhe aq per lakmi &#8211; nje shkrimtare pati shkruar ne&hellip; <a href=\"https:\/\/letrat.eu\/?p=9580\" class=\"more-link\">Lexo <span class=\"meta-nav\">&rarr;<\/span><\/a><\/p>\n","protected":false},"author":1,"featured_media":0,"comment_status":"closed","ping_status":"closed","sticky":false,"template":"","format":"standard","meta":{"footnotes":""},"categories":[16],"tags":[],"class_list":["post-9580","post","type-post","status-publish","format-standard","hentry","category-multimedia"],"_links":{"self":[{"href":"https:\/\/letrat.eu\/index.php?rest_route=\/wp\/v2\/posts\/9580","targetHints":{"allow":["GET"]}}],"collection":[{"href":"https:\/\/letrat.eu\/index.php?rest_route=\/wp\/v2\/posts"}],"about":[{"href":"https:\/\/letrat.eu\/index.php?rest_route=\/wp\/v2\/types\/post"}],"author":[{"embeddable":true,"href":"https:\/\/letrat.eu\/index.php?rest_route=\/wp\/v2\/users\/1"}],"replies":[{"embeddable":true,"href":"https:\/\/letrat.eu\/index.php?rest_route=%2Fwp%2Fv2%2Fcomments&post=9580"}],"version-history":[{"count":0,"href":"https:\/\/letrat.eu\/index.php?rest_route=\/wp\/v2\/posts\/9580\/revisions"}],"wp:attachment":[{"href":"https:\/\/letrat.eu\/index.php?rest_route=%2Fwp%2Fv2%2Fmedia&parent=9580"}],"wp:term":[{"taxonomy":"category","embeddable":true,"href":"https:\/\/letrat.eu\/index.php?rest_route=%2Fwp%2Fv2%2Fcategories&post=9580"},{"taxonomy":"post_tag","embeddable":true,"href":"https:\/\/letrat.eu\/index.php?rest_route=%2Fwp%2Fv2%2Ftags&post=9580"}],"curies":[{"name":"wp","href":"https:\/\/api.w.org\/{rel}","templated":true}]}}