{"id":9604,"date":"2021-12-08T09:48:29","date_gmt":"2021-12-08T08:48:29","guid":{"rendered":"https:\/\/letrat.eu\/?p=9604"},"modified":"2025-09-18T23:16:09","modified_gmt":"2025-09-18T22:16:09","slug":"knoebel-anima-mundi-basquiat-vincent","status":"publish","type":"post","link":"https:\/\/letrat.eu\/?p=9604","title":{"rendered":"Knoebel &#8211; &#8220;Anima Mundi&#8221; \/ Basquiat &#8211; &#8220;Vincent&#8221;"},"content":{"rendered":"<p>1 &#8211; Imi Knoebel &#8211; &#8220;Anima Mundi (I), (II), (III), (IV), (V), (VI), (VII), (VIII)&#8221;, 2014-15<br \/>\n2 &#8211; Jean-Michel Basquiat (1960-1988) &#8211; &#8220;Vincent&#8221;, 1985<\/p>\n<p><a  href=\"https:\/\/letrat.eu\/wp-content\/uploads\/2021\/12\/imi_knoebel_anima_mundi_basquiat_vincent_opt.jpg\" data-rel=\"lightbox-gallery-0\" data-rl_title=\"\" data-rl_caption=\"\" title=\"\"><img loading=\"lazy\" decoding=\"async\" class=\"wp-image-9605 zoooom\" src=\"https:\/\/letrat.eu\/wp-content\/uploads\/2021\/12\/imi_knoebel_anima_mundi_basquiat_vincent_opt.jpg\" alt=\"\" width=\"900\" height=\"581\" srcset=\"https:\/\/letrat.eu\/wp-content\/uploads\/2021\/12\/imi_knoebel_anima_mundi_basquiat_vincent_opt.jpg 1524w, https:\/\/letrat.eu\/wp-content\/uploads\/2021\/12\/imi_knoebel_anima_mundi_basquiat_vincent_opt-300x194.jpg 300w, https:\/\/letrat.eu\/wp-content\/uploads\/2021\/12\/imi_knoebel_anima_mundi_basquiat_vincent_opt-1024x661.jpg 1024w, https:\/\/letrat.eu\/wp-content\/uploads\/2021\/12\/imi_knoebel_anima_mundi_basquiat_vincent_opt-768x496.jpg 768w\" sizes=\"auto, (max-width: 900px) 100vw, 900px\" \/><\/a><br \/>\n1 &#8211; Imi Knoebel &#8211; &#8220;Anima Mundi (I), (II), (III), (IV), (V), (VI), (VII), (VIII)&#8221;, 2014-15<br \/>2 &#8211; Jean-Michel Basquiat (1960-1988) &#8211; &#8220;Vincent&#8221;, 1985<\/p>\n<p>&#8220;<strong>s&#8217;dua gj\u00eb tjet\u00ebr ve\u00e7se t\u00eb arrij tek ngjyra. I vendos ngjyrat, i shtrij ato dhe n\u00eb k\u00ebt\u00eb m\u00ebnyr\u00eb p\u00ebrpiqem ta fitoj nj\u00eb ngjyr\u00eb (t\u00eb caktuar). Un\u00eb p\u00ebrdor v\u00ebrtet kombinime t\u00eb ndryshme. Kjo e mban ngjyr\u00ebn t\u00eb hapur. S&#8217;ka ndonj\u00eb ngjyr\u00eb me t\u00eb cil\u00ebn nuk punoj, k\u00ebshtu q\u00eb (n\u00eb punimet e mia) s&#8217;ka asnj\u00eb sistem-kall\u00ebp (model, most\u00ebr) ngjyrash<\/strong>&#8221; &#8211; [ Imi Knoebel, artist gjerman ]<\/p>\n<p>&#8230;thjesht\u00ebsia e artit kontemporan aq simpatike dhe e &#8220;ngroht\u00eb&#8221;, e natyrisht edhe qasjet e artist\u00ebve, madje dhe vet\u00eb m\u00ebnyra se si ata (aty-k\u00ebtu me fjal\u00eb) i thjesht\u00ebsojn\u00eb pik\u00ebpamjet (e veta) artistike na vjen mjaft e \u00ebmb\u00ebl dhe e njohur, pajtohemi me fjal\u00ebt e tyre sepse sikur i &#8220;kuptojm\u00eb&#8221; &#8211; bie fjala n\u00ebse t\u00eb bazoheshim n\u00eb punimet e artistit Knoebel (t\u00eb seris\u00eb Anima Mundi, ngjitur) dhe n\u00eb fjal\u00ebt e tij sqaruese rreth &#8220;ngjyrave&#8221;, mbase sikur na krijohet pak\u00ebz p\u00ebrshtypja e kontradikt\u00ebs (mes fjal\u00ebve dhe asaj \u00e7far\u00eb shohim), n\u00eb rastin e seris\u00eb Anima Mundi, sipas meje &#8220;modelizmi&#8230; ose paternalizmi&#8221; \u00ebsht\u00eb evident, s&#8217;ka si t&#8217;jet\u00eb m\u00eb i qart\u00eb &#8211; ama ne s&#8217;themi gj\u00eb, pa fjal\u00eb e shijojm\u00eb her\u00eb ngrohtesin\u00eb e ngjyrave e her\u00eb t\u00eb koncepteve, sikur i kuptojm\u00eb ata, e dime \u00e7&#8217;kan\u00eb dashur t\u00eb thon\u00eb, sikur e dim\u00eb se ngjyrat zor t\u00eb &#8220;kap\u00ebrthehen&#8221; vet\u00ebm me fjal\u00eb, e po ashtu, nga ana tjet\u00ebr as fjal\u00ebt zor se kolorizohen sipas preferencave, mjaft e v\u00ebshtir\u00eb t&#8217;i &#8220;kolorizojm\u00eb&#8221; sakt\u00eb e me precizitet : )<\/p>\n<p>***<br \/>\n&#8230;(djathtas) portret i artistit holandez Vincent van Gogh, nga Jean-Michel Basquiat &#8211; si\u00e7 e dim\u00eb, e njohur na \u00ebsht\u00eb pakashum\u00eb si dukej, van Gogh pati b\u00ebr\u00eb dhe vet\u00eb auto-portrete, madje sa t\u00eb duash, disa her\u00eb (ok mbase jo aaaq sa Rembrandt, k\u00ebtij t\u00eb fundit auto-portretet thua se i qen\u00eb b\u00ebr\u00eb obsesion, zor se na shtyhet kush me t\u00eb, ndoshta as \u00e7up\u00ebrlinat moderne (ato bukuroshet e Fb) me &#8220;selfies&#8221; zor t&#8217;ia kalojn\u00eb, Rembrandt i pati b\u00ebr\u00eb jo m\u00eb pak afro 100 sosh, aq sa sot mbase fare leht\u00eb do &#8220;montohej nj\u00eb di\u00e7 si film&#8221; i gjendje-ndryshimeve t\u00eb tij jet\u00ebsore, qoft\u00eb fjala p\u00ebr ndryshimet fizike apo p\u00ebr ato psiqike, dmth. aq i sakt\u00eb do na dilte video-filmi, thjesht duke i varg\u00ebzuar auto-portretet e tij : )<br \/>\n&#8230;n\u00eb rregull, u muar vesh, pakashum\u00eb t\u00eb gjith\u00eb artist\u00ebt b\u00ebjn\u00eb auto-portrete (selfies), e edhe portrete (artist\u00ebsh t\u00eb tjer\u00eb), pati b\u00ebr\u00eb edhe Basquiat auto-portrete (te ngratit shpesh i dilnin pak\u00ebz t\u00eb &#8220;katranosura&#8221;) &#8211; gjithsesi, sipas Basquiat k\u00ebshtu na ishte &#8220;Vincenti&#8221;, m\u00eb thjesht\u00eb se kaq vall\u00eb e si, qoft\u00eb me lapsa a qoft\u00eb me fjal\u00eb : )<\/p>\n<p>&#8220;<strong>un\u00eb i kryq\u00ebzoj fjal\u00ebt q\u00eb ato t&#8217;bien n\u00eb sy (q\u00eb t&#8217;i shihni m\u00eb shum\u00eb); fakti se jan\u00eb t\u00eb maskuara jua ngjall\u00eb d\u00ebshir\u00ebn q\u00eb t&#8217;i lexoni<\/strong>&#8221; &#8211; [ Jean-Michel Basquiat, artist amerikan ]<br \/>\n<em>(sguraziu &#8211; ap, d 21)<\/em><br \/>\n&nbsp;<\/p>\n","protected":false},"excerpt":{"rendered":"<p>1 &#8211; Imi Knoebel &#8211; &#8220;Anima Mundi (I), (II), (III), (IV), (V), (VI), (VII), (VIII)&#8221;, 2014-15 2 &#8211; Jean-Michel Basquiat (1960-1988) &#8211; &#8220;Vincent&#8221;, 1985 1 &#8211; Imi Knoebel &#8211; &#8220;Anima Mundi (I), (II), (III), (IV), (V), (VI), (VII), (VIII)&#8221;, 2014-152&hellip; <a href=\"https:\/\/letrat.eu\/?p=9604\" class=\"more-link\">Lexo <span class=\"meta-nav\">&rarr;<\/span><\/a><\/p>\n","protected":false},"author":1,"featured_media":0,"comment_status":"closed","ping_status":"closed","sticky":false,"template":"","format":"standard","meta":{"footnotes":""},"categories":[14],"tags":[],"class_list":["post-9604","post","type-post","status-publish","format-standard","hentry","category-modern"],"_links":{"self":[{"href":"https:\/\/letrat.eu\/index.php?rest_route=\/wp\/v2\/posts\/9604","targetHints":{"allow":["GET"]}}],"collection":[{"href":"https:\/\/letrat.eu\/index.php?rest_route=\/wp\/v2\/posts"}],"about":[{"href":"https:\/\/letrat.eu\/index.php?rest_route=\/wp\/v2\/types\/post"}],"author":[{"embeddable":true,"href":"https:\/\/letrat.eu\/index.php?rest_route=\/wp\/v2\/users\/1"}],"replies":[{"embeddable":true,"href":"https:\/\/letrat.eu\/index.php?rest_route=%2Fwp%2Fv2%2Fcomments&post=9604"}],"version-history":[{"count":0,"href":"https:\/\/letrat.eu\/index.php?rest_route=\/wp\/v2\/posts\/9604\/revisions"}],"wp:attachment":[{"href":"https:\/\/letrat.eu\/index.php?rest_route=%2Fwp%2Fv2%2Fmedia&parent=9604"}],"wp:term":[{"taxonomy":"category","embeddable":true,"href":"https:\/\/letrat.eu\/index.php?rest_route=%2Fwp%2Fv2%2Fcategories&post=9604"},{"taxonomy":"post_tag","embeddable":true,"href":"https:\/\/letrat.eu\/index.php?rest_route=%2Fwp%2Fv2%2Ftags&post=9604"}],"curies":[{"name":"wp","href":"https:\/\/api.w.org\/{rel}","templated":true}]}}