{"id":9866,"date":"2018-09-04T10:01:47","date_gmt":"2018-09-04T09:01:47","guid":{"rendered":"https:\/\/letrat.eu\/?p=9866"},"modified":"2024-05-17T12:51:06","modified_gmt":"2024-05-17T11:51:06","slug":"harold-bloom-kritika-letrare-merret-me-brekushet-viktoriane","status":"publish","type":"post","link":"https:\/\/letrat.eu\/?p=9866","title":{"rendered":"Harold Bloom &#8211; Kritika letrare merret me brekushet viktoriane!"},"content":{"rendered":"<p>&#8220;Mund t&#8217;mos e keni ditur nga leximi i &#8220;Anatomia e Kritik\u00ebs&#8221;* se lufta p\u00ebr madh\u00ebshtin\u00eb mund t&#8217;jet\u00eb e eg\u00ebr, dhe n\u00eb fund kjo luft\u00eb s&#8217;merr asnj\u00eb rob lufte. Un\u00eb jam i prekur thell\u00ebsisht, pavar\u00ebsisht vetvetes, lidhur me at\u00eb q\u00eb Fraji shkruan &#8220;&#8230;sikur ta kishim gjith\u00eb p\u00ebrjet\u00ebsin\u00eb p\u00ebr ta p\u00ebrthithur Kodin e Madh t\u00eb Artit&#8221;.<br \/>\nE megjithat\u00eb, pas Emerson dhe Kenneth Burke, ndjehem i detyruar t&#8217;jem pragmatik. Sepse, \u00e7far\u00eb duhet ri-lexuar?<br \/>\nDuke i m\u00ebnjanuar fare kanonizimet e Shkoll\u00ebs s\u00eb Zhg\u00ebnjimit t\u00eb t\u00eb gjith\u00eb atyre, t\u00eb s\u00eb kaluar\u00ebs dhe t\u00eb s\u00eb tashmes, t\u00eb cil\u00ebt s&#8217;ia dalin ta shkruajn\u00eb rrug\u00ebn e tyre p\u00ebrjashta nj\u00eb &#8220;qeseje prej letre&#8221;, un\u00eb ballafaqohem \u00e7do dit\u00eb nga nj\u00eb batic\u00eb e librave, t\u00eb provave, t\u00eb dor\u00ebshkrimeve dhe t\u00eb letrave q\u00eb ndryshojn\u00eb nga asgj\u00eb, e deri n\u00eb aso me vlera t\u00eb konsiderueshme letrare. \/. . . \/ N\u00eb gjith\u00eb k\u00ebt\u00eb p\u00ebrhapje masive t\u00eb prodhimtaris\u00eb, zor se do t&#8217;i kthehem Frajit p\u00ebr ngush\u00ebllim e p\u00ebr ndihm\u00eb. Por, at\u00ebher\u00eb ku apo kujt duhet t&#8217;i kthehem?<br \/>\nKritika e Frajit do t\u00eb mbijetoj\u00eb p\u00ebr shkak se \u00ebsht\u00eb serioze, shpirt\u00ebrore, dhe gjith\u00ebp\u00ebrfshir\u00ebse, por jo p\u00ebr shkak se \u00ebsht\u00eb sistematike apo se \u00ebsht\u00eb manifestim i gjenialitetit.<br \/>\nN\u00ebse &#8220;Anatomia e Kritik\u00ebs&#8221; fillon t\u00eb duket nj\u00eb cop\u00eb &#8220;periudh\u00eb kohore&#8221;, e nj\u00ebjta vlen dhe p\u00ebr &#8220;Drurin e Shenjt\u00eb&#8221; t\u00eb T. S. Eliot*. Kritika letrare, p\u00ebr t\u00eb mbijetuar, duhet t&#8217;i braktis universitetet, ku &#8220;kritika kulturore&#8221; \u00ebsht\u00eb nj\u00eb bish\u00eb triumfuese q\u00eb nuk duhet p\u00ebrz\u00ebn\u00eb. &#8220;Anatomit\u00eb&#8221; e l\u00ebshuara nga akademit\u00eb merren me sekretet e nd\u00ebrlikuara t\u00eb brekusheve t\u00eb femrave nga era Viktoriane, dhe nd\u00ebrsa historit\u00eb narrative merren me sutjenat e femrave. Leximi kritik, disiplina e \u00e7\u00ebshtjes si duhet lexuar dhe pse, do t\u00eb mbijetoj\u00eb n\u00eb kokat e k\u00ebtyre shkollar\u00ebve t\u00eb vetmuar, diku jasht\u00eb.&#8221;<br \/>\n&#8211; &#8211; &#8211;<\/p>\n<p><span style=\"color: #999999;\">* Northrop Frye (1912-1991) &#8211; &#8220;Anatomy of Criticism&#8221;, 1957<\/span><br \/>\n<span style=\"color: #999999;\">* &#8220;The Sacred Wood&#8221;, p\u00ebrmbledhje prej 20 shkrimeve eseistike p\u00ebr poezin\u00eb dhe kritik\u00ebn letrare nga T. S. Eliot, publikuar n\u00eb v.1920<\/span><br \/>\n<span style=\"color: #999999;\">(P\u00ebrgatitur nga S. Guraziu &#8211; Ars Poetica, 2006 &#8211; Northrop Frye n\u00eb retrospektiv\u00eb, 2000)<\/p>\n<p><\/span><\/p>\n<p><a  href=\"https:\/\/letrat.eu\/wp-content\/uploads\/2022\/01\/Harold_Bloom_-_Kritika_letrare_merret_me_brekushet_viktoriane.jpg\" data-rel=\"lightbox-gallery-0\" data-rl_title=\"\" data-rl_caption=\"\" title=\"\"><img loading=\"lazy\" decoding=\"async\" class=\"size-full wp-image-9867\" src=\"https:\/\/letrat.eu\/wp-content\/uploads\/2022\/01\/Harold_Bloom_-_Kritika_letrare_merret_me_brekushet_viktoriane.jpg\" alt=\"\" width=\"2000\" height=\"1000\" srcset=\"https:\/\/letrat.eu\/wp-content\/uploads\/2022\/01\/Harold_Bloom_-_Kritika_letrare_merret_me_brekushet_viktoriane.jpg 2000w, https:\/\/letrat.eu\/wp-content\/uploads\/2022\/01\/Harold_Bloom_-_Kritika_letrare_merret_me_brekushet_viktoriane-300x150.jpg 300w, https:\/\/letrat.eu\/wp-content\/uploads\/2022\/01\/Harold_Bloom_-_Kritika_letrare_merret_me_brekushet_viktoriane-1024x512.jpg 1024w, https:\/\/letrat.eu\/wp-content\/uploads\/2022\/01\/Harold_Bloom_-_Kritika_letrare_merret_me_brekushet_viktoriane-768x384.jpg 768w, https:\/\/letrat.eu\/wp-content\/uploads\/2022\/01\/Harold_Bloom_-_Kritika_letrare_merret_me_brekushet_viktoriane-1536x768.jpg 1536w\" sizes=\"auto, (max-width: 2000px) 100vw, 2000px\" \/><\/a><\/p>\n<p><span style=\"color: #999999;\">\u00a0<\/span><\/p>\n","protected":false},"excerpt":{"rendered":"<p>&#8220;Mund t&#8217;mos e keni ditur nga leximi i &#8220;Anatomia e Kritik\u00ebs&#8221;* se lufta p\u00ebr madh\u00ebshtin\u00eb mund t&#8217;jet\u00eb e eg\u00ebr, dhe n\u00eb fund kjo luft\u00eb s&#8217;merr asnj\u00eb rob lufte. Un\u00eb jam i prekur thell\u00ebsisht, pavar\u00ebsisht vetvetes, lidhur me at\u00eb q\u00eb Fraji&hellip; <a href=\"https:\/\/letrat.eu\/?p=9866\" class=\"more-link\">Lexo <span class=\"meta-nav\">&rarr;<\/span><\/a><\/p>\n","protected":false},"author":1,"featured_media":0,"comment_status":"closed","ping_status":"closed","sticky":false,"template":"","format":"standard","meta":{"footnotes":""},"categories":[2],"tags":[],"class_list":["post-9866","post","type-post","status-publish","format-standard","hentry","category-perkthime"],"_links":{"self":[{"href":"https:\/\/letrat.eu\/index.php?rest_route=\/wp\/v2\/posts\/9866","targetHints":{"allow":["GET"]}}],"collection":[{"href":"https:\/\/letrat.eu\/index.php?rest_route=\/wp\/v2\/posts"}],"about":[{"href":"https:\/\/letrat.eu\/index.php?rest_route=\/wp\/v2\/types\/post"}],"author":[{"embeddable":true,"href":"https:\/\/letrat.eu\/index.php?rest_route=\/wp\/v2\/users\/1"}],"replies":[{"embeddable":true,"href":"https:\/\/letrat.eu\/index.php?rest_route=%2Fwp%2Fv2%2Fcomments&post=9866"}],"version-history":[{"count":0,"href":"https:\/\/letrat.eu\/index.php?rest_route=\/wp\/v2\/posts\/9866\/revisions"}],"wp:attachment":[{"href":"https:\/\/letrat.eu\/index.php?rest_route=%2Fwp%2Fv2%2Fmedia&parent=9866"}],"wp:term":[{"taxonomy":"category","embeddable":true,"href":"https:\/\/letrat.eu\/index.php?rest_route=%2Fwp%2Fv2%2Fcategories&post=9866"},{"taxonomy":"post_tag","embeddable":true,"href":"https:\/\/letrat.eu\/index.php?rest_route=%2Fwp%2Fv2%2Ftags&post=9866"}],"curies":[{"name":"wp","href":"https:\/\/api.w.org\/{rel}","templated":true}]}}