{"id":9990,"date":"2018-09-04T12:46:47","date_gmt":"2018-09-04T11:46:47","guid":{"rendered":"https:\/\/letrat.eu\/?p=9990"},"modified":"2024-05-17T12:15:07","modified_gmt":"2024-05-17T11:15:07","slug":"te-medhenjte-nuk-frymezohen-vetem-nga-muzat","status":"publish","type":"post","link":"https:\/\/letrat.eu\/?p=9990","title":{"rendered":"T\u00eb m\u00ebdhenjt\u00eb e Muzik\u00ebs nuk frym\u00ebzohen vet\u00ebm nga Muzat!"},"content":{"rendered":"<p><em>S. Guraziu &#8211; Ars Poetica, Sht 2016 (t\u00eb m\u00ebdhenjt\u00eb e muzik\u00ebs, Wagner &amp; Williams \u2013 Koment)<\/em><\/p>\n<p>Si duket p\u00ebr t&#8217;ardhur veprat e m\u00ebdha n\u00eb jet\u00eb, aso maestrale e monumentale, edhe vet\u00eb Muzat i bashkojn\u00eb forcat\u2026 (ndoshta ngjash\u00ebm, pse jo, si\u00e7 b\u00ebhen bashk\u00eb heronjt\u00eb e Marvel, ta z\u00ebm\u00eb n\u00eb Avengers : )<\/p>\n<p>Para ca viteve autori Steve Lovelace pati shkruar se edhe efektet vizuale filmike (t\u00eb cilat si novacion erdh\u00ebn \u201cvon\u00eb\u201d, n\u00eb vitin 1977) megjithat\u00eb frym\u00ebzohen nga Tekna (e nj\u00ebjta muz\u00eb pra q\u00eb e pati frym\u00ebzuar dikur Da Vin\u00e7in p\u00ebr \u201cMona Lizen\u201d, dhe e cila i frym\u00ebzon t\u00eb gjith\u00eb piktor\u00ebt e botes).<\/p>\n<p>Por Lovelace e pati marr\u00eb si shembull melodin\u00eb epike monumentale t\u00eb John Williams, Marshi Perandorak (sipas meje, \u00ebsht\u00eb kjo ndoshta melodia epike m\u00eb e njohur e modernitetit\u2026 n\u00eb er\u00ebn e \u201centertainment\u201d). Marshi Perandorak duhet t&#8217;jet\u00eb frym\u00ebzuar nga Eutera \u2013 thoshte ai. Sipas Lovelace nj\u00eb ide aq e madhe si Star Wars \u00ebsht\u00eb e \u201cparacaktuar\u201d t&#8217;ket\u00eb frym\u00ebzime t\u00eb gjithanshme, dhe nuk \u201cp\u00ebrzihet\u201d vet\u00ebm 1 muz\u00eb por shum\u00eb sosh\u2026 t\u00eb cilat v\u00ebrtiten rreth e rrotull duke frym\u00ebzuar, secila m\u00eb e zonja se tjetra : )<\/p>\n<p>Mir\u00ebpo, pavar\u00ebsisht respektit p\u00ebr iden\u00eb e Lovelace, dmth. p\u00ebrve\u00e7 frym\u00ebzimit nga Eutera mendoj se e kam gjetur nga ku mund t&#8217;jet\u00eb frym\u00ebzuar i madhi John Williams p\u00ebr \u201cmarshin perandorak\u201d (melodi epike, si pjes\u00eb e sag\u00ebs disamiliard\u00ebshe tashm\u00eb, t\u00eb Star Wars) \u2013 m\u00eb posht\u00eb dy audio-video q\u00eb ndihmojn\u00eb p\u00ebr ta \u201ckuptuar\u201d n\u00ebse teza ime ka sadopak \u201cthemel\u201d : )<\/p>\n<p>\u2013 John Williams \u2013 <strong>Imperial March<\/strong> (Marshi Perandorak)<br \/>\n(Vienna Philharmonic Orchestra &#8211; n\u00ebn udh\u00ebheqjen e John Williams)<\/p>\n<p><iframe loading=\"lazy\" title=\"John Williams &amp; Vienna Philharmonic \u2013 Williams: Imperial March (from \u201cStar Wars\u201d)\" width=\"785\" height=\"442\" src=\"https:\/\/www.youtube.com\/embed\/vsMWVW4xtwI?feature=oembed\" frameborder=\"0\" allow=\"accelerometer; autoplay; clipboard-write; encrypted-media; gyroscope; picture-in-picture; web-share\" referrerpolicy=\"strict-origin-when-cross-origin\" allowfullscreen><\/iframe><\/p>\n<p><em>John Williams\u2019 movie soundtracks are among the best-loved of all time. Before a single note had been played at the Hollywood legend\u2019s debut concert with the Vienna Philharmonic, Maestro Williams received a standing ovation. Their sensational performance of the \u201cImperial March\u201d from \u201cStar Wars\u201d underlined the rapport and affection between orchestra and composer. \u201cIt was honestly one of the best presentations of that March I\u2019ve ever heard\u201d, Williams reflected afterwards. \u201cThey played it as though they owned it.<\/em>\u201d [ Deutsche Grammophon &#8211; DG ]<\/p>\n<p>&nbsp;<\/p>\n<p>\u2013 Richard Wagner \u2013 <strong>Ritt der Walk\u00fcren<\/strong><br \/>\n(<del>Berliner Philharmoniker\u2026 n\u00ebn udh\u00ebheqjen e t\u00eb famshmit Daniel Barenboim<\/del> &#8211; por qenka fshir\u00eb (thot\u00eb Youtube), e z\u00ebvendesova me nj\u00eb tjet\u00ebr video, s&#8217;di nga kush performohet, s&#8217;paska t\u00eb dh\u00ebna)<\/p>\n<p><iframe loading=\"lazy\" title=\"Richard Wagner - Der Ritt der Walk\u00fcren hohe Qualit\u00e4t\" width=\"785\" height=\"442\" src=\"https:\/\/www.youtube.com\/embed\/n8IQeLNBp-Y?start=62&#038;feature=oembed\" frameborder=\"0\" allow=\"accelerometer; autoplay; clipboard-write; encrypted-media; gyroscope; picture-in-picture; web-share\" referrerpolicy=\"strict-origin-when-cross-origin\" allowfullscreen><\/iframe><\/p>\n<p><em>(sqarim shtes\u00eb)<\/em><br \/>\n<strong>Walk\u00fcren<\/strong> \u2013 secila nga dymb\u00ebdhjet\u00eb sh\u00ebrb\u00ebtoret e Odin, sipas mitologjis\u00eb nordike besohej se kur nj\u00eb viking vdiste n\u00eb betej\u00eb, nj\u00ebra nga to e shoq\u00ebronte at\u00eb p\u00ebr n\u00eb Valhalla (vendi ku heronjt\u00eb e vrar\u00eb n\u00eb betejat besohej pastaj t\u00eb festonin p\u00ebrjet\u00ebsisht me per\u00ebndin\u00eb Odin \u2013 zot suprem dhe krijues, zoti i fitores dhe i t\u00eb vdekurve) \u2013 mitologjia nordike (b\u00ebn pjes\u00eb, ose hyn n\u00eb kuad\u00ebr t\u00eb mitologjis\u00eb germanike) \u00ebsht\u00eb nj\u00ebra nga m\u00eb t\u00eb njohurat nd\u00ebr popujt e Evrop\u00ebs Per\u00ebndimore&#8230;<\/p>\n<p><a  href=\"https:\/\/letrat.eu\/wp-content\/uploads\/2022\/01\/te_medhenjte_nuk_frymezohen_vetem_nga_muzat-williams_wagner.jpg\" data-rel=\"lightbox-gallery-0\" data-rl_title=\"\" data-rl_caption=\"\" title=\"\"><img loading=\"lazy\" decoding=\"async\" class=\"alignnone size-full wp-image-9991\" src=\"https:\/\/letrat.eu\/wp-content\/uploads\/2022\/01\/te_medhenjte_nuk_frymezohen_vetem_nga_muzat-williams_wagner.jpg\" alt=\"\" width=\"1282\" height=\"798\" srcset=\"https:\/\/letrat.eu\/wp-content\/uploads\/2022\/01\/te_medhenjte_nuk_frymezohen_vetem_nga_muzat-williams_wagner.jpg 1282w, https:\/\/letrat.eu\/wp-content\/uploads\/2022\/01\/te_medhenjte_nuk_frymezohen_vetem_nga_muzat-williams_wagner-300x187.jpg 300w, https:\/\/letrat.eu\/wp-content\/uploads\/2022\/01\/te_medhenjte_nuk_frymezohen_vetem_nga_muzat-williams_wagner-1024x637.jpg 1024w, https:\/\/letrat.eu\/wp-content\/uploads\/2022\/01\/te_medhenjte_nuk_frymezohen_vetem_nga_muzat-williams_wagner-768x478.jpg 768w\" sizes=\"auto, (max-width: 1282px) 100vw, 1282px\" \/><\/a><\/p>\n","protected":false},"excerpt":{"rendered":"<p>S. Guraziu &#8211; Ars Poetica, Sht 2016 (t\u00eb m\u00ebdhenjt\u00eb e muzik\u00ebs, Wagner &amp; Williams \u2013 Koment) Si duket p\u00ebr t&#8217;ardhur veprat e m\u00ebdha n\u00eb jet\u00eb, aso maestrale e monumentale, edhe vet\u00eb Muzat i bashkojn\u00eb forcat\u2026 (ndoshta ngjash\u00ebm, pse jo, si\u00e7&hellip; <a href=\"https:\/\/letrat.eu\/?p=9990\" class=\"more-link\">Lexo <span class=\"meta-nav\">&rarr;<\/span><\/a><\/p>\n","protected":false},"author":1,"featured_media":0,"comment_status":"closed","ping_status":"closed","sticky":false,"template":"","format":"standard","meta":{"footnotes":""},"categories":[16],"tags":[],"class_list":["post-9990","post","type-post","status-publish","format-standard","hentry","category-multimedia"],"_links":{"self":[{"href":"https:\/\/letrat.eu\/index.php?rest_route=\/wp\/v2\/posts\/9990","targetHints":{"allow":["GET"]}}],"collection":[{"href":"https:\/\/letrat.eu\/index.php?rest_route=\/wp\/v2\/posts"}],"about":[{"href":"https:\/\/letrat.eu\/index.php?rest_route=\/wp\/v2\/types\/post"}],"author":[{"embeddable":true,"href":"https:\/\/letrat.eu\/index.php?rest_route=\/wp\/v2\/users\/1"}],"replies":[{"embeddable":true,"href":"https:\/\/letrat.eu\/index.php?rest_route=%2Fwp%2Fv2%2Fcomments&post=9990"}],"version-history":[{"count":0,"href":"https:\/\/letrat.eu\/index.php?rest_route=\/wp\/v2\/posts\/9990\/revisions"}],"wp:attachment":[{"href":"https:\/\/letrat.eu\/index.php?rest_route=%2Fwp%2Fv2%2Fmedia&parent=9990"}],"wp:term":[{"taxonomy":"category","embeddable":true,"href":"https:\/\/letrat.eu\/index.php?rest_route=%2Fwp%2Fv2%2Fcategories&post=9990"},{"taxonomy":"post_tag","embeddable":true,"href":"https:\/\/letrat.eu\/index.php?rest_route=%2Fwp%2Fv2%2Ftags&post=9990"}],"curies":[{"name":"wp","href":"https:\/\/api.w.org\/{rel}","templated":true}]}}